{"id":110497,"date":"2020-05-10T22:22:00","date_gmt":"2020-05-11T01:22:00","guid":{"rendered":"http:\/\/www.hoymercedes.com.ar\/principal\/?p=110497"},"modified":"2020-05-11T12:48:12","modified_gmt":"2020-05-11T15:48:12","slug":"coronavirus-un-nuevo-caso-en-estudio-en-el-hospital","status":"publish","type":"post","link":"https:\/\/www.hoymercedes.com.ar\/principal\/2020\/05\/10\/coronavirus-un-nuevo-caso-en-estudio-en-el-hospital\/","title":{"rendered":"Coronavirus: un nuevo caso en estudio en el Hospital"},"content":{"rendered":"\n<p>El cierre de la jornada confirm\u00f3 un paciente que ingres\u00f3 al Hospital Blas L. Dubarry con s\u00edntomas compatibles a Covid-19. Sus estudios de PCR para detectar si tiene o no el virus, se realizar\u00e1 ma\u00f1ana en el laboratorio de virolog\u00eda molecular de la ciudad.<\/p>\n\n\n\n<p>Adem\u00e1s se inform\u00f3 que hay 14 vecinos y vecinas en seguimiento por la secretar\u00eda de salud por haber regresado de viaje al exterior o ser familiar del viajante.\u00a0Son 322 las altas de vecinos y vecinas en seguimiento que pasan a aislamiento general.<\/p>\n\n\n\n<p>En el \u00e1mbito nacional, hoy fueron confirmados 258 nuevos casos de COVID-19. Entre estos casos, 165 positivos son de pacientes de la Ciudad de Buenos Aires, mientras que 51 son de la provincia de Buenos Aires y 32 de la provincia de Chaco. Con estos registros, suman 6.034 positivos en el pa\u00eds. Del total de esos casos, 930 (15,4%) son importados, 2.668 (44,2%) son contactos estrechos de casos confirmados, 1.765 (29,3%) son casos de circulaci\u00f3n comunitaria y el resto se encuentra en investigaci\u00f3n epidemiol\u00f3gica. <\/p>\n\n\n\n<p>Durante la jornada de domingo se registraron cinco nuevas muertes. Cuatro hombres, tres de 87, 74 y 66 a\u00f1os, residentes en la provincia de Buenos Aires; otro de 50 a\u00f1os, residente en la Ciudad de Buenos Aires (CABA); y una mujer, de 90 a\u00f1os, residente en la Ciudad de Buenos Aires (CABA). Al momento la cantidad de personas fallecidas es 305.<\/p>\n","protected":false},"excerpt":{"rendered":"<p>El cierre de la jornada confirm\u00f3 un paciente que ingres\u00f3 al Hospital Blas L. Dubarry con s\u00edntomas compatibles a Covid-19. &#8230; <a title=\"Coronavirus: un nuevo caso en estudio en el Hospital\" class=\"read-more\" href=\"https:\/\/www.hoymercedes.com.ar\/principal\/2020\/05\/10\/coronavirus-un-nuevo-caso-en-estudio-en-el-hospital\/\" aria-label=\"Leer m\u00e1s sobre Coronavirus: un nuevo caso en estudio en el Hospital\">Leer m\u00e1s<\/a><\/p>\n","protected":false},"author":1,"featured_media":110500,"comment_status":"closed","ping_status":"open","sticky":false,"template":"","format":"standard","meta":{"_monsterinsights_skip_tracking":false,"_monsterinsights_sitenote_active":false,"_monsterinsights_sitenote_note":"","_monsterinsights_sitenote_category":0,"jetpack_post_was_ever_published":false,"_jetpack_newsletter_access":"","_jetpack_dont_email_post_to_subs":false,"_jetpack_newsletter_tier_id":0,"_jetpack_memberships_contains_paywalled_content":false,"_jetpack_memberships_contains_paid_content":false,"footnotes":"","jetpack_publicize_message":"","jetpack_publicize_feature_enabled":true,"jetpack_social_post_already_shared":true,"jetpack_social_options":{"image_generator_settings":{"template":"highway","default_image_id":0,"font":"","enabled":false},"version":2},"_wpas_customize_per_network":false},"categories":[9791],"tags":[16517,16175,16313,295],"class_list":["post-110497","post","type-post","status-publish","format-standard","has-post-thumbnail","hentry","category-salud","tag-casos-en-estudio","tag-coronavirus","tag-covid-19","tag-hospital","generate-columns","tablet-grid-50","mobile-grid-100","grid-parent","grid-50"],"jetpack_publicize_connections":[],"jetpack_featured_media_url":"https:\/\/www.hoymercedes.com.ar\/principal\/wp-content\/uploads\/2020\/05\/IMG-20200510-WA0001.jpg","wps_subtitle":"Cierre del d\u00eda","jetpack_sharing_enabled":true,"_links":{"self":[{"href":"https:\/\/www.hoymercedes.com.ar\/principal\/wp-json\/wp\/v2\/posts\/110497","targetHints":{"allow":["GET"]}}],"collection":[{"href":"https:\/\/www.hoymercedes.com.ar\/principal\/wp-json\/wp\/v2\/posts"}],"about":[{"href":"https:\/\/www.hoymercedes.com.ar\/principal\/wp-json\/wp\/v2\/types\/post"}],"author":[{"embeddable":true,"href":"https:\/\/www.hoymercedes.com.ar\/principal\/wp-json\/wp\/v2\/users\/1"}],"replies":[{"embeddable":true,"href":"https:\/\/www.hoymercedes.com.ar\/principal\/wp-json\/wp\/v2\/comments?post=110497"}],"version-history":[{"count":0,"href":"https:\/\/www.hoymercedes.com.ar\/principal\/wp-json\/wp\/v2\/posts\/110497\/revisions"}],"wp:featuredmedia":[{"embeddable":true,"href":"https:\/\/www.hoymercedes.com.ar\/principal\/wp-json\/wp\/v2\/media\/110500"}],"wp:attachment":[{"href":"https:\/\/www.hoymercedes.com.ar\/principal\/wp-json\/wp\/v2\/media?parent=110497"}],"wp:term":[{"taxonomy":"category","embeddable":true,"href":"https:\/\/www.hoymercedes.com.ar\/principal\/wp-json\/wp\/v2\/categories?post=110497"},{"taxonomy":"post_tag","embeddable":true,"href":"https:\/\/www.hoymercedes.com.ar\/principal\/wp-json\/wp\/v2\/tags?post=110497"}],"curies":[{"name":"wp","href":"https:\/\/api.w.org\/{rel}","templated":true}]}}