{"id":110521,"date":"2020-05-11T12:18:00","date_gmt":"2020-05-11T15:18:00","guid":{"rendered":"http:\/\/www.hoymercedes.com.ar\/principal\/?p=110521"},"modified":"2020-05-11T12:27:57","modified_gmt":"2020-05-11T15:27:57","slug":"moto-y-patrullero-rural-impactan-en-37-y-32","status":"publish","type":"post","link":"https:\/\/www.hoymercedes.com.ar\/principal\/2020\/05\/11\/moto-y-patrullero-rural-impactan-en-37-y-32\/","title":{"rendered":"Moto y Patrullero Rural impactan en 37 y 32"},"content":{"rendered":"\n<p>En la intersecci\u00f3n de las calle 37 y 32, pasadas las 11 de la ma\u00f1ana, se produjo un nuevo siniestro vial en la ciudad. De acuerdo a informaci\u00f3n de los vecinos, la moto circulaba por la calle 32 y habr\u00eda acelerado para cruzar antes del patrullero de la Polic\u00eda Rural que ven\u00eda por la calle 37, e impacta sobre el veh\u00edculo de mayor porte. Se hizo presente el SAME para auxiliar al ocupante de la moto. <\/p>\n\n\n\n<figure class=\"wp-block-image size-large\"><img loading=\"lazy\" decoding=\"async\" width=\"800\" height=\"531\" data-attachment-id=\"110522\" data-permalink=\"https:\/\/www.hoymercedes.com.ar\/principal\/2020\/05\/11\/moto-y-patrullero-rural-impactan-en-37-y-32\/11-siniestro-37y32\/#main\" data-orig-file=\"https:\/\/www.hoymercedes.com.ar\/principal\/wp-content\/uploads\/2020\/05\/11-siniestro-37y32.jpeg\" data-orig-size=\"800,531\" data-comments-opened=\"0\" data-image-meta=\"{&quot;aperture&quot;:&quot;0&quot;,&quot;credit&quot;:&quot;&quot;,&quot;camera&quot;:&quot;&quot;,&quot;caption&quot;:&quot;&quot;,&quot;created_timestamp&quot;:&quot;0&quot;,&quot;copyright&quot;:&quot;&quot;,&quot;focal_length&quot;:&quot;0&quot;,&quot;iso&quot;:&quot;0&quot;,&quot;shutter_speed&quot;:&quot;0&quot;,&quot;title&quot;:&quot;&quot;,&quot;orientation&quot;:&quot;0&quot;}\" data-image-title=\"11 siniestro 37y32\" data-image-description=\"\" data-image-caption=\"\" data-large-file=\"https:\/\/www.hoymercedes.com.ar\/principal\/wp-content\/uploads\/2020\/05\/11-siniestro-37y32.jpeg\" src=\"https:\/\/www.hoymercedes.com.ar\/principal\/wp-content\/uploads\/2020\/05\/11-siniestro-37y32.jpeg\" alt=\"\" class=\"wp-image-110522\"\/><\/figure>\n","protected":false},"excerpt":{"rendered":"<p>En la intersecci\u00f3n de las calle 37 y 32, pasadas las 11 de la ma\u00f1ana, se produjo un nuevo siniestro &#8230; <a title=\"Moto y Patrullero Rural impactan en 37 y 32\" class=\"read-more\" href=\"https:\/\/www.hoymercedes.com.ar\/principal\/2020\/05\/11\/moto-y-patrullero-rural-impactan-en-37-y-32\/\" aria-label=\"Leer m\u00e1s sobre Moto y Patrullero Rural impactan en 37 y 32\">Leer m\u00e1s<\/a><\/p>\n","protected":false},"author":1,"featured_media":110522,"comment_status":"closed","ping_status":"open","sticky":false,"template":"","format":"standard","meta":{"_monsterinsights_skip_tracking":false,"_monsterinsights_sitenote_active":false,"_monsterinsights_sitenote_note":"","_monsterinsights_sitenote_category":0,"jetpack_post_was_ever_published":false,"_jetpack_newsletter_access":"","_jetpack_dont_email_post_to_subs":false,"_jetpack_newsletter_tier_id":0,"_jetpack_memberships_contains_paywalled_content":false,"_jetpack_memberships_contains_paid_content":false,"footnotes":"","jetpack_publicize_message":"","jetpack_publicize_feature_enabled":true,"jetpack_social_post_already_shared":true,"jetpack_social_options":{"image_generator_settings":{"template":"highway","default_image_id":0,"font":"","enabled":false},"version":2},"_wpas_customize_per_network":false},"categories":[85],"tags":[96,10395],"class_list":["post-110521","post","type-post","status-publish","format-standard","has-post-thumbnail","hentry","category-policial","tag-policial-2","tag-siniestro-vial","generate-columns","tablet-grid-50","mobile-grid-100","grid-parent","grid-50"],"jetpack_publicize_connections":[],"jetpack_featured_media_url":"https:\/\/www.hoymercedes.com.ar\/principal\/wp-content\/uploads\/2020\/05\/11-siniestro-37y32.jpeg","wps_subtitle":"Siniestro vial","jetpack_sharing_enabled":true,"_links":{"self":[{"href":"https:\/\/www.hoymercedes.com.ar\/principal\/wp-json\/wp\/v2\/posts\/110521","targetHints":{"allow":["GET"]}}],"collection":[{"href":"https:\/\/www.hoymercedes.com.ar\/principal\/wp-json\/wp\/v2\/posts"}],"about":[{"href":"https:\/\/www.hoymercedes.com.ar\/principal\/wp-json\/wp\/v2\/types\/post"}],"author":[{"embeddable":true,"href":"https:\/\/www.hoymercedes.com.ar\/principal\/wp-json\/wp\/v2\/users\/1"}],"replies":[{"embeddable":true,"href":"https:\/\/www.hoymercedes.com.ar\/principal\/wp-json\/wp\/v2\/comments?post=110521"}],"version-history":[{"count":0,"href":"https:\/\/www.hoymercedes.com.ar\/principal\/wp-json\/wp\/v2\/posts\/110521\/revisions"}],"wp:featuredmedia":[{"embeddable":true,"href":"https:\/\/www.hoymercedes.com.ar\/principal\/wp-json\/wp\/v2\/media\/110522"}],"wp:attachment":[{"href":"https:\/\/www.hoymercedes.com.ar\/principal\/wp-json\/wp\/v2\/media?parent=110521"}],"wp:term":[{"taxonomy":"category","embeddable":true,"href":"https:\/\/www.hoymercedes.com.ar\/principal\/wp-json\/wp\/v2\/categories?post=110521"},{"taxonomy":"post_tag","embeddable":true,"href":"https:\/\/www.hoymercedes.com.ar\/principal\/wp-json\/wp\/v2\/tags?post=110521"}],"curies":[{"name":"wp","href":"https:\/\/api.w.org\/{rel}","templated":true}]}}