{"id":110526,"date":"2020-05-11T13:29:18","date_gmt":"2020-05-11T16:29:18","guid":{"rendered":"http:\/\/www.hoymercedes.com.ar\/principal\/?p=110526"},"modified":"2020-05-11T18:34:28","modified_gmt":"2020-05-11T21:34:28","slug":"veteranos-donan-600-frazadas-a-desarrollo-social","status":"publish","type":"post","link":"https:\/\/www.hoymercedes.com.ar\/principal\/2020\/05\/11\/veteranos-donan-600-frazadas-a-desarrollo-social\/","title":{"rendered":"Veteranos donan 600 frazadas a Desarrollo Social"},"content":{"rendered":"\n<p>En la ma\u00f1ana de este lunes, el Centro de Veteranos de Islas Malvinas de Mercedes entreg\u00f3 al \u00e1rea de Desarrollo Social del Municipio de Mercedes 600 frazadas para entregar a los vecinos de la ciudad que puedan necesitar en los primeros fr\u00edos y la llegada del invierno y en el marco de la pandemia por el COVID-19. <\/p>\n\n\n\n<figure class=\"wp-block-embed-facebook wp-block-embed is-type-video is-provider-facebook\"><div class=\"wp-block-embed__wrapper\">\n<div class=\"fb-video\" data-allowfullscreen=\"true\" data-href=\"https:\/\/www.facebook.com\/rpm885\/videos\/1357936777725146\/\" style=\"background-color: #fff; display: inline-block;\"><\/div>\n<\/div><\/figure>\n\n\n\n<p>Video e Informaci\u00f3n: Prensa Municipal<\/p>\n","protected":false},"excerpt":{"rendered":"<p>En la ma\u00f1ana de este lunes, el Centro de Veteranos de Islas Malvinas de Mercedes entreg\u00f3 al \u00e1rea de Desarrollo &#8230; <a title=\"Veteranos donan 600 frazadas a Desarrollo Social\" class=\"read-more\" href=\"https:\/\/www.hoymercedes.com.ar\/principal\/2020\/05\/11\/veteranos-donan-600-frazadas-a-desarrollo-social\/\" aria-label=\"Leer m\u00e1s sobre Veteranos donan 600 frazadas a Desarrollo Social\">Leer m\u00e1s<\/a><\/p>\n","protected":false},"author":1,"featured_media":110528,"comment_status":"closed","ping_status":"open","sticky":false,"template":"","format":"standard","meta":{"_monsterinsights_skip_tracking":false,"_monsterinsights_sitenote_active":false,"_monsterinsights_sitenote_note":"","_monsterinsights_sitenote_category":0,"jetpack_post_was_ever_published":false,"_jetpack_newsletter_access":"","_jetpack_dont_email_post_to_subs":false,"_jetpack_newsletter_tier_id":0,"_jetpack_memberships_contains_paywalled_content":false,"_jetpack_memberships_contains_paid_content":false,"footnotes":"","jetpack_publicize_message":"","jetpack_publicize_feature_enabled":true,"jetpack_social_post_already_shared":true,"jetpack_social_options":{"image_generator_settings":{"template":"highway","default_image_id":0,"font":"","enabled":false},"version":2},"_wpas_customize_per_network":false},"categories":[8],"tags":[870,244,756],"class_list":["post-110526","post","type-post","status-publish","format-standard","has-post-thumbnail","hentry","category-sociedad","tag-desarrollo-social","tag-municipio-2","tag-veteranos-de-malvinas","generate-columns","tablet-grid-50","mobile-grid-100","grid-parent","grid-50"],"jetpack_publicize_connections":[],"jetpack_featured_media_url":"https:\/\/www.hoymercedes.com.ar\/principal\/wp-content\/uploads\/2020\/05\/11-veteranos-2.png","wps_subtitle":"","jetpack_sharing_enabled":true,"_links":{"self":[{"href":"https:\/\/www.hoymercedes.com.ar\/principal\/wp-json\/wp\/v2\/posts\/110526","targetHints":{"allow":["GET"]}}],"collection":[{"href":"https:\/\/www.hoymercedes.com.ar\/principal\/wp-json\/wp\/v2\/posts"}],"about":[{"href":"https:\/\/www.hoymercedes.com.ar\/principal\/wp-json\/wp\/v2\/types\/post"}],"author":[{"embeddable":true,"href":"https:\/\/www.hoymercedes.com.ar\/principal\/wp-json\/wp\/v2\/users\/1"}],"replies":[{"embeddable":true,"href":"https:\/\/www.hoymercedes.com.ar\/principal\/wp-json\/wp\/v2\/comments?post=110526"}],"version-history":[{"count":0,"href":"https:\/\/www.hoymercedes.com.ar\/principal\/wp-json\/wp\/v2\/posts\/110526\/revisions"}],"wp:featuredmedia":[{"embeddable":true,"href":"https:\/\/www.hoymercedes.com.ar\/principal\/wp-json\/wp\/v2\/media\/110528"}],"wp:attachment":[{"href":"https:\/\/www.hoymercedes.com.ar\/principal\/wp-json\/wp\/v2\/media?parent=110526"}],"wp:term":[{"taxonomy":"category","embeddable":true,"href":"https:\/\/www.hoymercedes.com.ar\/principal\/wp-json\/wp\/v2\/categories?post=110526"},{"taxonomy":"post_tag","embeddable":true,"href":"https:\/\/www.hoymercedes.com.ar\/principal\/wp-json\/wp\/v2\/tags?post=110526"}],"curies":[{"name":"wp","href":"https:\/\/api.w.org\/{rel}","templated":true}]}}