{"id":110554,"date":"2020-05-11T22:51:00","date_gmt":"2020-05-12T01:51:00","guid":{"rendered":"http:\/\/www.hoymercedes.com.ar\/principal\/?p=110554"},"modified":"2020-05-12T12:49:59","modified_gmt":"2020-05-12T15:49:59","slug":"coronavirus-son-dos-los-casos-en-estudio-en-el-dubarry","status":"publish","type":"post","link":"https:\/\/www.hoymercedes.com.ar\/principal\/2020\/05\/11\/coronavirus-son-dos-los-casos-en-estudio-en-el-dubarry\/","title":{"rendered":"Coronavirus: son dos los casos en estudio en el Dubarry"},"content":{"rendered":"\n<p>El cierre del d\u00eda en materia de casos en estudio por Covid-19 marca en Mercedes que hay dos pacientes que esperan los resultados en Hospital Blas L. Dubarry.\u00a0<\/p>\n\n\n\n<p>Asimismo, informaron que son seis los vecinos y vecinas en seguimiento por la Secretar\u00eda de Salud por haber regresado de viaje al exterior o ser familiar del viajante y van 329 altas de vecinos y vecinas en seguimiento que pasan a aislamiento general.<\/p>\n\n\n\n<p>En el nivel nacional, hoy fueron confirmados 244 nuevos casos de COVID-19. Con estos registros, suman 6.278 positivos en el pa\u00eds. Del total de esos casos, 932 (14,8%) son importados, 2.802 (44,6%) son contactos estrechos de casos confirmados, 1.835 (29,2%) son casos de circulaci\u00f3n comunitaria y el resto se encuentra en investigaci\u00f3n epidemiol\u00f3gica.<\/p>\n\n\n\n<p>En las \u00faltimas 24 horas, se registraron nueve nuevas muertes. Cinco hombres, dos de 74 y 38 a\u00f1os, residentes en la provincia de Buenos Aires, dos de 73 y 83 a\u00f1os residentes en la Ciudad de Buenos Aires (CABA), uno de 75 a\u00f1os, residente en la provincia de Chaco; y cuatro mujeres, dos de 85 y 83 a\u00f1os, residentes en la provincia de Buenos Aires, una de 91 a\u00f1os, residente en la Ciudad de Buenos Aires, y otra, de 64 a\u00f1os, residente en la provincia de R\u00edo Negro. Al momento la cantidad de personas fallecidas es 314.<\/p>\n","protected":false},"excerpt":{"rendered":"<p>El cierre del d\u00eda en materia de casos en estudio por Covid-19 marca en Mercedes que hay dos pacientes que &#8230; <a title=\"Coronavirus: son dos los casos en estudio en el Dubarry\" class=\"read-more\" href=\"https:\/\/www.hoymercedes.com.ar\/principal\/2020\/05\/11\/coronavirus-son-dos-los-casos-en-estudio-en-el-dubarry\/\" aria-label=\"Leer m\u00e1s sobre Coronavirus: son dos los casos en estudio en el Dubarry\">Leer m\u00e1s<\/a><\/p>\n","protected":false},"author":1,"featured_media":110559,"comment_status":"closed","ping_status":"open","sticky":false,"template":"","format":"standard","meta":{"_monsterinsights_skip_tracking":false,"_monsterinsights_sitenote_active":false,"_monsterinsights_sitenote_note":"","_monsterinsights_sitenote_category":0,"jetpack_post_was_ever_published":false,"_jetpack_newsletter_access":"","_jetpack_dont_email_post_to_subs":false,"_jetpack_newsletter_tier_id":0,"_jetpack_memberships_contains_paywalled_content":false,"_jetpack_memberships_contains_paid_content":false,"footnotes":"","jetpack_publicize_message":"","jetpack_publicize_feature_enabled":true,"jetpack_social_post_already_shared":true,"jetpack_social_options":{"image_generator_settings":{"template":"highway","default_image_id":0,"font":"","enabled":false},"version":2},"_wpas_customize_per_network":false},"categories":[9791],"tags":[16561,16175,16313,140],"class_list":["post-110554","post","type-post","status-publish","format-standard","has-post-thumbnail","hentry","category-salud","tag-cierre-del-dia","tag-coronavirus","tag-covid-19","tag-hospital-dubarry","generate-columns","tablet-grid-50","mobile-grid-100","grid-parent","grid-50"],"jetpack_publicize_connections":[],"jetpack_featured_media_url":"https:\/\/www.hoymercedes.com.ar\/principal\/wp-content\/uploads\/2020\/05\/IMG-20200511-WA0032.jpg","wps_subtitle":"Cierre del d\u00eda","jetpack_sharing_enabled":true,"_links":{"self":[{"href":"https:\/\/www.hoymercedes.com.ar\/principal\/wp-json\/wp\/v2\/posts\/110554","targetHints":{"allow":["GET"]}}],"collection":[{"href":"https:\/\/www.hoymercedes.com.ar\/principal\/wp-json\/wp\/v2\/posts"}],"about":[{"href":"https:\/\/www.hoymercedes.com.ar\/principal\/wp-json\/wp\/v2\/types\/post"}],"author":[{"embeddable":true,"href":"https:\/\/www.hoymercedes.com.ar\/principal\/wp-json\/wp\/v2\/users\/1"}],"replies":[{"embeddable":true,"href":"https:\/\/www.hoymercedes.com.ar\/principal\/wp-json\/wp\/v2\/comments?post=110554"}],"version-history":[{"count":0,"href":"https:\/\/www.hoymercedes.com.ar\/principal\/wp-json\/wp\/v2\/posts\/110554\/revisions"}],"wp:featuredmedia":[{"embeddable":true,"href":"https:\/\/www.hoymercedes.com.ar\/principal\/wp-json\/wp\/v2\/media\/110559"}],"wp:attachment":[{"href":"https:\/\/www.hoymercedes.com.ar\/principal\/wp-json\/wp\/v2\/media?parent=110554"}],"wp:term":[{"taxonomy":"category","embeddable":true,"href":"https:\/\/www.hoymercedes.com.ar\/principal\/wp-json\/wp\/v2\/categories?post=110554"},{"taxonomy":"post_tag","embeddable":true,"href":"https:\/\/www.hoymercedes.com.ar\/principal\/wp-json\/wp\/v2\/tags?post=110554"}],"curies":[{"name":"wp","href":"https:\/\/api.w.org\/{rel}","templated":true}]}}