{"id":110575,"date":"2020-05-12T13:47:56","date_gmt":"2020-05-12T16:47:56","guid":{"rendered":"http:\/\/www.hoymercedes.com.ar\/principal\/?p=110575"},"modified":"2020-05-12T17:01:42","modified_gmt":"2020-05-12T20:01:42","slug":"la-anonima-realiza-donacion-a-desarrollo-social-municipal","status":"publish","type":"post","link":"https:\/\/www.hoymercedes.com.ar\/principal\/2020\/05\/12\/la-anonima-realiza-donacion-a-desarrollo-social-municipal\/","title":{"rendered":"La An\u00f3nima realiza donaci\u00f3n a Desarrollo Social Municipal"},"content":{"rendered":"\n<p>La Municipalidad de Mercedes recibi\u00f3 por parte de la empresa La An\u00f3nima, una nueva donaci\u00f3n de m\u00e1s de 200 mil pesos en productos de la canasta b\u00e1sica, que formar\u00e1n parte de los programas alimentarios destinados a los sectores m\u00e1s vulnerables de la localidad. <\/p>\n\n\n\n<div class=\"wp-block-image\"><figure class=\"aligncenter size-large\"><img loading=\"lazy\" decoding=\"async\" width=\"938\" height=\"626\" data-attachment-id=\"110578\" data-permalink=\"https:\/\/www.hoymercedes.com.ar\/principal\/2020\/05\/12\/la-anonima-realiza-donacion-a-desarrollo-social-municipal\/11-la-anonima-1\/#main\" data-orig-file=\"https:\/\/www.hoymercedes.com.ar\/principal\/wp-content\/uploads\/2020\/05\/11-la-anonima-1.jpg\" data-orig-size=\"938,626\" data-comments-opened=\"0\" data-image-meta=\"{&quot;aperture&quot;:&quot;0&quot;,&quot;credit&quot;:&quot;&quot;,&quot;camera&quot;:&quot;&quot;,&quot;caption&quot;:&quot;&quot;,&quot;created_timestamp&quot;:&quot;0&quot;,&quot;copyright&quot;:&quot;&quot;,&quot;focal_length&quot;:&quot;0&quot;,&quot;iso&quot;:&quot;0&quot;,&quot;shutter_speed&quot;:&quot;0&quot;,&quot;title&quot;:&quot;&quot;,&quot;orientation&quot;:&quot;0&quot;}\" data-image-title=\"11 la anonima 1\" data-image-description=\"\" data-image-caption=\"\" data-large-file=\"https:\/\/www.hoymercedes.com.ar\/principal\/wp-content\/uploads\/2020\/05\/11-la-anonima-1.jpg\" src=\"https:\/\/www.hoymercedes.com.ar\/principal\/wp-content\/uploads\/2020\/05\/11-la-anonima-1.jpg\" alt=\"\" class=\"wp-image-110578\"\/><\/figure><\/div>\n\n\n\n<p>Alejandro Gismondi gerente del supermercado La An\u00f3nima explic\u00f3 que \u201ces un peque\u00f1o grano de arena que pone La An\u00f3nima en cada localidad donde est\u00e1 presente. Esto ayudada todas las acciones que ya viene haciendo el Municipio. Esta entrega contiene insumos de la canasta b\u00e1sica por un valor por encima de los 200 mil pesos, donde hay yerba, aceite, mermelada, fideos, etc, es decir, todos productos de primera necesidad\u201d.<\/p>\n\n\n\n<p>Jorgelina Silva, Secretaria de Desarrollo Social Municipal, explic\u00f3 que los productos recibidos ser\u00e1n para \u00abcomplementar el programa alimentario que ya ven\u00edamos efectuando y donde ahora debido a la pandemia se han sumado 1500 familias\u201d y apunt\u00f3 \u201cse trata de familias que nunca hab\u00edan pedido ni hab\u00edan tenido una necesidad, por eso estas acciones nos ayudan un mont\u00f3n\u201d.<\/p>\n\n\n\n<p>Asimismo, Silva expres\u00f3 \u201ctanto el sector privado, el p\u00fablico como toda la sociedad est\u00e1 ayudando a salir de esta situaci\u00f3n de la cual saldremos todos juntos\u201d y agradeci\u00f3 \u201ca La An\u00f3nima por este aporte, todos los insumos son de la canasta b\u00e1sica y servir\u00e1n para la entrega de bolsones de comida, comedores y merenderos\u201d.<\/p>\n\n\n\n<p>Es importante destacar que debido a la pandemia desatada por el COVID-19 y ante la imposibilidad de muchos vecinos de llevar adelante sus trabajos, a los pedidos de atenci\u00f3n a nivel alimentaria que se ven\u00edan atendiendo la comuna, se han sumado 1500 personas m\u00e1s, lo que deja en claro que estas acciones solidarias son de gran val\u00eda en estos momentos.<\/p>\n\n\n\n<div class=\"wp-block-image\"><figure class=\"aligncenter size-large\"><img loading=\"lazy\" decoding=\"async\" width=\"938\" height=\"626\" data-attachment-id=\"110577\" data-permalink=\"https:\/\/www.hoymercedes.com.ar\/principal\/2020\/05\/12\/la-anonima-realiza-donacion-a-desarrollo-social-municipal\/11-la-anonima-2\/#main\" data-orig-file=\"https:\/\/www.hoymercedes.com.ar\/principal\/wp-content\/uploads\/2020\/05\/11-la-anonima-2.jpg\" data-orig-size=\"938,626\" data-comments-opened=\"0\" data-image-meta=\"{&quot;aperture&quot;:&quot;0&quot;,&quot;credit&quot;:&quot;&quot;,&quot;camera&quot;:&quot;&quot;,&quot;caption&quot;:&quot;&quot;,&quot;created_timestamp&quot;:&quot;0&quot;,&quot;copyright&quot;:&quot;&quot;,&quot;focal_length&quot;:&quot;0&quot;,&quot;iso&quot;:&quot;0&quot;,&quot;shutter_speed&quot;:&quot;0&quot;,&quot;title&quot;:&quot;&quot;,&quot;orientation&quot;:&quot;0&quot;}\" data-image-title=\"11 la anonima 2\" data-image-description=\"\" data-image-caption=\"\" data-large-file=\"https:\/\/www.hoymercedes.com.ar\/principal\/wp-content\/uploads\/2020\/05\/11-la-anonima-2.jpg\" src=\"https:\/\/www.hoymercedes.com.ar\/principal\/wp-content\/uploads\/2020\/05\/11-la-anonima-2.jpg\" alt=\"\" class=\"wp-image-110577\"\/><\/figure><\/div>\n","protected":false},"excerpt":{"rendered":"<p>La Municipalidad de Mercedes recibi\u00f3 por parte de la empresa La An\u00f3nima, una nueva donaci\u00f3n de m\u00e1s de 200 mil &#8230; <a title=\"La An\u00f3nima realiza donaci\u00f3n a Desarrollo Social Municipal\" class=\"read-more\" href=\"https:\/\/www.hoymercedes.com.ar\/principal\/2020\/05\/12\/la-anonima-realiza-donacion-a-desarrollo-social-municipal\/\" aria-label=\"Leer m\u00e1s sobre La An\u00f3nima realiza donaci\u00f3n a Desarrollo Social Municipal\">Leer m\u00e1s<\/a><\/p>\n","protected":false},"author":1,"featured_media":110577,"comment_status":"closed","ping_status":"open","sticky":false,"template":"","format":"standard","meta":{"_monsterinsights_skip_tracking":false,"_monsterinsights_sitenote_active":false,"_monsterinsights_sitenote_note":"","_monsterinsights_sitenote_category":0,"jetpack_post_was_ever_published":false,"_jetpack_newsletter_access":"","_jetpack_dont_email_post_to_subs":false,"_jetpack_newsletter_tier_id":0,"_jetpack_memberships_contains_paywalled_content":false,"_jetpack_memberships_contains_paid_content":false,"footnotes":"","jetpack_publicize_message":"","jetpack_publicize_feature_enabled":true,"jetpack_social_post_already_shared":true,"jetpack_social_options":{"image_generator_settings":{"template":"highway","default_image_id":0,"font":"","enabled":false},"version":2},"_wpas_customize_per_network":false},"categories":[30],"tags":[1762,244,16592],"class_list":["post-110575","post","type-post","status-publish","format-standard","has-post-thumbnail","hentry","category-municipio","tag-la-anonima","tag-municipio-2","tag-solidaridad-empresarial","generate-columns","tablet-grid-50","mobile-grid-100","grid-parent","grid-50"],"jetpack_publicize_connections":[],"jetpack_featured_media_url":"https:\/\/www.hoymercedes.com.ar\/principal\/wp-content\/uploads\/2020\/05\/11-la-anonima-2.jpg","wps_subtitle":"","jetpack_sharing_enabled":true,"_links":{"self":[{"href":"https:\/\/www.hoymercedes.com.ar\/principal\/wp-json\/wp\/v2\/posts\/110575","targetHints":{"allow":["GET"]}}],"collection":[{"href":"https:\/\/www.hoymercedes.com.ar\/principal\/wp-json\/wp\/v2\/posts"}],"about":[{"href":"https:\/\/www.hoymercedes.com.ar\/principal\/wp-json\/wp\/v2\/types\/post"}],"author":[{"embeddable":true,"href":"https:\/\/www.hoymercedes.com.ar\/principal\/wp-json\/wp\/v2\/users\/1"}],"replies":[{"embeddable":true,"href":"https:\/\/www.hoymercedes.com.ar\/principal\/wp-json\/wp\/v2\/comments?post=110575"}],"version-history":[{"count":0,"href":"https:\/\/www.hoymercedes.com.ar\/principal\/wp-json\/wp\/v2\/posts\/110575\/revisions"}],"wp:featuredmedia":[{"embeddable":true,"href":"https:\/\/www.hoymercedes.com.ar\/principal\/wp-json\/wp\/v2\/media\/110577"}],"wp:attachment":[{"href":"https:\/\/www.hoymercedes.com.ar\/principal\/wp-json\/wp\/v2\/media?parent=110575"}],"wp:term":[{"taxonomy":"category","embeddable":true,"href":"https:\/\/www.hoymercedes.com.ar\/principal\/wp-json\/wp\/v2\/categories?post=110575"},{"taxonomy":"post_tag","embeddable":true,"href":"https:\/\/www.hoymercedes.com.ar\/principal\/wp-json\/wp\/v2\/tags?post=110575"}],"curies":[{"name":"wp","href":"https:\/\/api.w.org\/{rel}","templated":true}]}}