{"id":110590,"date":"2020-05-13T00:47:00","date_gmt":"2020-05-13T03:47:00","guid":{"rendered":"http:\/\/www.hoymercedes.com.ar\/principal\/?p=110590"},"modified":"2020-05-12T22:12:01","modified_gmt":"2020-05-13T01:12:01","slug":"continuan-los-operativos-de-seguridad-vial-en-la-ciudad","status":"publish","type":"post","link":"https:\/\/www.hoymercedes.com.ar\/principal\/2020\/05\/13\/continuan-los-operativos-de-seguridad-vial-en-la-ciudad\/","title":{"rendered":"Contin\u00faan los operativos de seguridad en la ciudad"},"content":{"rendered":"\n<p>La Secretar\u00eda de Seguridad Municipal anunci\u00f3 la continuidad de los operativos que tienen como objetivo el control del tr\u00e1fico vehicular en el marco del aislamiento social preventivo y obligatorio. Es as\u00ed que en los lugares estrat\u00e9gicos se solicita la documentaci\u00f3n necesaria para circular por rutas y calles del partido de Mercedes.\u00a0\u00a0\u00a0\u00a0<\/p>\n\n\n\n<div class=\"wp-block-image\"><figure class=\"aligncenter size-large\"><img loading=\"lazy\" decoding=\"async\" width=\"800\" height=\"600\" data-attachment-id=\"110592\" data-permalink=\"https:\/\/www.hoymercedes.com.ar\/principal\/2020\/05\/13\/continuan-los-operativos-de-seguridad-vial-en-la-ciudad\/801_copy_800x600\/#main\" data-orig-file=\"https:\/\/www.hoymercedes.com.ar\/principal\/wp-content\/uploads\/2020\/05\/801_copy_800x600.jpeg\" data-orig-size=\"800,600\" data-comments-opened=\"0\" data-image-meta=\"{&quot;aperture&quot;:&quot;0&quot;,&quot;credit&quot;:&quot;&quot;,&quot;camera&quot;:&quot;&quot;,&quot;caption&quot;:&quot;&quot;,&quot;created_timestamp&quot;:&quot;0&quot;,&quot;copyright&quot;:&quot;&quot;,&quot;focal_length&quot;:&quot;0&quot;,&quot;iso&quot;:&quot;0&quot;,&quot;shutter_speed&quot;:&quot;0&quot;,&quot;title&quot;:&quot;&quot;,&quot;orientation&quot;:&quot;0&quot;}\" data-image-title=\"801_copy_800x600\" data-image-description=\"\" data-image-caption=\"\" data-large-file=\"https:\/\/www.hoymercedes.com.ar\/principal\/wp-content\/uploads\/2020\/05\/801_copy_800x600.jpeg\" src=\"https:\/\/www.hoymercedes.com.ar\/principal\/wp-content\/uploads\/2020\/05\/801_copy_800x600.jpeg\" alt=\"\" class=\"wp-image-110592\"\/><\/figure><\/div>\n\n\n\n<p>El sub secretario del \u00e1rea, Gonzalo Anselmo expres\u00f3 \u201ccontinuamos con el compromiso de gesti\u00f3n que asumimos con el secretario de seguridad, Gast\u00f3n Arena, en el cual quer\u00edamos poner especial atenci\u00f3n en el control vehicular y donde los dispositivos que desplegar\u00edamos ser\u00edan una constante\u201d y apunt\u00f3 \u201cen el marco de la pandemia si bien tenemos que prestar fuerte atenci\u00f3n, tanto a los accesos como a la circulaci\u00f3n vehicular en la ciudad, no nos exime de continuar con esas pol\u00edticas p\u00fablicas que hab\u00edamos asumido\u201d.<\/p>\n\n\n\n<p>En este sentido, Anselmo destac\u00f3 \u201cse nota un mayor uso del casco en este \u00faltimo tiempo, sobre todo en el radio c\u00e9ntrico, donde observamos que los vecinos vienen tomando mayor conciencia en la importancia de su uso\u201d y apunt\u00f3 \u201cestamos trabajando en la prevenci\u00f3n de los siniestros viales, no s\u00f3lo para salvaguardar la salud en potenciales accidentes, sino adem\u00e1s, porque el traslado en esos casos, son realizados a los centros de salud, donde hoy la afecci\u00f3n de la pandemia es atendida, por lo cual es contraproducente\u201d.<\/p>\n\n\n\n<p>\u201cEsta gran conciencia de la salud que se viene tomando a partir de la pandemia del COVID-19 queremos aprovecharla como impulso para que los vecinos tomen los recaudos de seguridad necesarios al transitar con un veh\u00edculo por la ciudad, como as\u00ed tambi\u00e9n, en todo lo referente a cuestiones viales\u201d apunt\u00f3 Anselmo. Y a su vez, se\u00f1al\u00f3 \u201cestamos trabajando de manera conjunta con la polic\u00eda comunal con la cual venimos labrando actas y apercibimientos\u201d.<\/p>\n\n\n\n<p>Fuente: Prensa Municipal<\/p>\n","protected":false},"excerpt":{"rendered":"<p>La Secretar\u00eda de Seguridad Municipal anunci\u00f3 la continuidad de los operativos que tienen como objetivo el control del tr\u00e1fico vehicular &#8230; <a title=\"Contin\u00faan los operativos de seguridad en la ciudad\" class=\"read-more\" href=\"https:\/\/www.hoymercedes.com.ar\/principal\/2020\/05\/13\/continuan-los-operativos-de-seguridad-vial-en-la-ciudad\/\" aria-label=\"Leer m\u00e1s sobre Contin\u00faan los operativos de seguridad en la ciudad\">Leer m\u00e1s<\/a><\/p>\n","protected":false},"author":1,"featured_media":110592,"comment_status":"closed","ping_status":"open","sticky":false,"template":"","format":"standard","meta":{"_monsterinsights_skip_tracking":false,"_monsterinsights_sitenote_active":false,"_monsterinsights_sitenote_note":"","_monsterinsights_sitenote_category":0,"jetpack_post_was_ever_published":false,"_jetpack_newsletter_access":"","_jetpack_dont_email_post_to_subs":false,"_jetpack_newsletter_tier_id":0,"_jetpack_memberships_contains_paywalled_content":false,"_jetpack_memberships_contains_paid_content":false,"footnotes":"","jetpack_publicize_message":"","jetpack_publicize_feature_enabled":true,"jetpack_social_post_already_shared":true,"jetpack_social_options":{"image_generator_settings":{"template":"highway","default_image_id":0,"font":"","enabled":false},"version":2},"_wpas_customize_per_network":false},"categories":[30],"tags":[16351,244,802],"class_list":["post-110590","post","type-post","status-publish","format-standard","has-post-thumbnail","hentry","category-municipio","tag-aislamiento-obligatorio","tag-municipio-2","tag-seguridad","generate-columns","tablet-grid-50","mobile-grid-100","grid-parent","grid-50"],"jetpack_publicize_connections":[],"jetpack_featured_media_url":"https:\/\/www.hoymercedes.com.ar\/principal\/wp-content\/uploads\/2020\/05\/801_copy_800x600.jpeg","wps_subtitle":"","jetpack_sharing_enabled":true,"_links":{"self":[{"href":"https:\/\/www.hoymercedes.com.ar\/principal\/wp-json\/wp\/v2\/posts\/110590","targetHints":{"allow":["GET"]}}],"collection":[{"href":"https:\/\/www.hoymercedes.com.ar\/principal\/wp-json\/wp\/v2\/posts"}],"about":[{"href":"https:\/\/www.hoymercedes.com.ar\/principal\/wp-json\/wp\/v2\/types\/post"}],"author":[{"embeddable":true,"href":"https:\/\/www.hoymercedes.com.ar\/principal\/wp-json\/wp\/v2\/users\/1"}],"replies":[{"embeddable":true,"href":"https:\/\/www.hoymercedes.com.ar\/principal\/wp-json\/wp\/v2\/comments?post=110590"}],"version-history":[{"count":0,"href":"https:\/\/www.hoymercedes.com.ar\/principal\/wp-json\/wp\/v2\/posts\/110590\/revisions"}],"wp:featuredmedia":[{"embeddable":true,"href":"https:\/\/www.hoymercedes.com.ar\/principal\/wp-json\/wp\/v2\/media\/110592"}],"wp:attachment":[{"href":"https:\/\/www.hoymercedes.com.ar\/principal\/wp-json\/wp\/v2\/media?parent=110590"}],"wp:term":[{"taxonomy":"category","embeddable":true,"href":"https:\/\/www.hoymercedes.com.ar\/principal\/wp-json\/wp\/v2\/categories?post=110590"},{"taxonomy":"post_tag","embeddable":true,"href":"https:\/\/www.hoymercedes.com.ar\/principal\/wp-json\/wp\/v2\/tags?post=110590"}],"curies":[{"name":"wp","href":"https:\/\/api.w.org\/{rel}","templated":true}]}}