{"id":110618,"date":"2020-05-13T17:35:16","date_gmt":"2020-05-13T20:35:16","guid":{"rendered":"http:\/\/www.hoymercedes.com.ar\/principal\/?p=110618"},"modified":"2020-05-13T18:05:07","modified_gmt":"2020-05-13T21:05:07","slug":"inician-etapa-final-de-avenida-2-con-apoyo-del-estado-nacional","status":"publish","type":"post","link":"https:\/\/www.hoymercedes.com.ar\/principal\/2020\/05\/13\/inician-etapa-final-de-avenida-2-con-apoyo-del-estado-nacional\/","title":{"rendered":"Inician etapa final de Avenida 2 con apoyo del Estado Nacional"},"content":{"rendered":"\n<figure class=\"wp-block-image size-large\"><img loading=\"lazy\" decoding=\"async\" width=\"1000\" height=\"750\" data-attachment-id=\"110619\" data-permalink=\"https:\/\/www.hoymercedes.com.ar\/principal\/2020\/05\/13\/inician-etapa-final-de-avenida-2-con-apoyo-del-estado-nacional\/avenida220200513_104603\/#main\" data-orig-file=\"https:\/\/www.hoymercedes.com.ar\/principal\/wp-content\/uploads\/2020\/05\/Avenida220200513_104603.jpg\" data-orig-size=\"1000,750\" data-comments-opened=\"0\" data-image-meta=\"{&quot;aperture&quot;:&quot;0&quot;,&quot;credit&quot;:&quot;&quot;,&quot;camera&quot;:&quot;&quot;,&quot;caption&quot;:&quot;&quot;,&quot;created_timestamp&quot;:&quot;0&quot;,&quot;copyright&quot;:&quot;&quot;,&quot;focal_length&quot;:&quot;0&quot;,&quot;iso&quot;:&quot;0&quot;,&quot;shutter_speed&quot;:&quot;0&quot;,&quot;title&quot;:&quot;&quot;,&quot;orientation&quot;:&quot;0&quot;}\" data-image-title=\"Avenida220200513_104603\" data-image-description=\"\" data-image-caption=\"\" data-large-file=\"https:\/\/www.hoymercedes.com.ar\/principal\/wp-content\/uploads\/2020\/05\/Avenida220200513_104603.jpg\" src=\"https:\/\/www.hoymercedes.com.ar\/principal\/wp-content\/uploads\/2020\/05\/Avenida220200513_104603.jpg\" alt=\"\" class=\"wp-image-110619\"\/><\/figure>\n\n\n\n<p>Mientras no cesan las medidas de prevenci\u00f3n por el coronavirus la obra m\u00e1s grande de la ciudad ingres\u00f3 en su etapa final. Se inici\u00f3 el \u201cdesmonte\u201d del cruce de Av.17 y Av.2. El intendente Ustarroz recorri\u00f3 la obra y agradeci\u00f3 al Estado Nacional el apoyo recientemente arribado.<\/p>\n\n\n\n<p>A principio de este 2020 el ministro del interior, Eduardo De Pedro, inform\u00f3 que el Estado Nacional devolver\u00eda a la ciudad todo lo invertido en la obra. Este compromiso comenz\u00f3 a saldarse en los \u00faltimos d\u00edas, lo que ya tiene como resultado el comienzo de los trabajos finales de desmonte y consiguiente pavimentaci\u00f3n.&nbsp;<\/p>\n\n\n\n<p>El intendente de la ciudad, el Dr. Juan Ignacio Ustarroz, presente en el lugar manifest\u00f3 \u201cpara nosotros como municipio es un orgullo, estar ac\u00e1 en la avenida 2 d\u00e1ndole continuidad a esta obra que es esencial para todo el pueblo de Mercedes\u201d.<\/p>\n\n\n\n<figure class=\"wp-block-embed-youtube wp-block-embed is-type-video is-provider-youtube wp-embed-aspect-16-9 wp-has-aspect-ratio\"><div class=\"wp-block-embed__wrapper\">\n<span class=\"embed-youtube\" style=\"text-align:center; display: block;\"><iframe loading=\"lazy\" class=\"youtube-player\" width=\"1200\" height=\"675\" src=\"https:\/\/www.youtube.com\/embed\/LtrxW7AKUaY?version=3&#038;rel=1&#038;showsearch=0&#038;showinfo=1&#038;iv_load_policy=1&#038;fs=1&#038;hl=es-ES&#038;autohide=2&#038;wmode=transparent\" allowfullscreen=\"true\" style=\"border:0;\" sandbox=\"allow-scripts allow-same-origin allow-popups allow-presentation allow-popups-to-escape-sandbox\"><\/iframe><\/span>\n<\/div><\/figure>\n\n\n\n<p>Y a su vez, el Dr. Ustarroz agradeci\u00f3 \u201cespecialmente al Estado Nacional que la semana pasada deposit\u00f3 el primer pago que nos permite avanzar con esta obra tan importante y as\u00ed finalizarla\u201d y agreg\u00f3 \u201ca pesar del contexto que nos envuelve -la pandemia- que lamentablemente profundiz\u00f3 la crisis econ\u00f3mica, ya comenzamos con el proceso de finalizaci\u00f3n\u201d.&nbsp;&nbsp;<\/p>\n\n\n\n<p>\u201cGracias al aporte nacional estamos iniciando esta \u00faltima parte, cuyo compromiso asumi\u00f3 el ministro del interior Eduardo De Pedro y que aqu\u00ed se est\u00e1 cumpliendo\u201d afirm\u00f3 el intendente Ustarroz y se\u00f1al\u00f3 \u201cesperamos en breve poder finalizarla para que los mercedinos la puedan disfrutar como corresponde\u201d.<\/p>\n\n\n\n<p>Conjuntamente, el Dr. Ustarroz expres\u00f3 \u201cesta es una obra estructural que se est\u00e1 haciendo toda en hormig\u00f3n\u201d y felicit\u00f3 \u201cal secretario de obras p\u00fablicas y a todo el equipo por el seguimiento y el trabajo de esta obra hist\u00f3rica para la ciudad\u201d.<\/p>\n\n\n\n<p>El secretario de obras p\u00fablicas municipal, Emanuel P\u00e9rez Carrera indic\u00f3 \u201cestamos desmontando toda la zona de las diferentes bocacalles, donde sacaremos todo y as\u00ed continuar con la pavimentaci\u00f3n\u201d y a\u00f1adi\u00f3 \u201cavanzaremos con lo que falta, que ya es poco, aproximadamente 2 semanas, para luego continuar con los detalles y embellecimientos\u201d.<\/p>\n\n\n\n<p>Y ratific\u00f3 \u201cen primer lugar el trabajo que se hace es el desmonte, en este caso, lo que nos faltan son las bocacalles, para de forma inmediata comenzar con la pavimentaci\u00f3n\u201d. &nbsp;<\/p>\n\n\n\n<p>Info: Municipio<\/p>\n","protected":false},"excerpt":{"rendered":"<p>Mientras no cesan las medidas de prevenci\u00f3n por el coronavirus la obra m\u00e1s grande de la ciudad ingres\u00f3 en su &#8230; <a title=\"Inician etapa final de Avenida 2 con apoyo del Estado Nacional\" class=\"read-more\" href=\"https:\/\/www.hoymercedes.com.ar\/principal\/2020\/05\/13\/inician-etapa-final-de-avenida-2-con-apoyo-del-estado-nacional\/\" aria-label=\"Leer m\u00e1s sobre Inician etapa final de Avenida 2 con apoyo del Estado Nacional\">Leer m\u00e1s<\/a><\/p>\n","protected":false},"author":1,"featured_media":110619,"comment_status":"closed","ping_status":"open","sticky":false,"template":"","format":"standard","meta":{"_monsterinsights_skip_tracking":false,"_monsterinsights_sitenote_active":false,"_monsterinsights_sitenote_note":"","_monsterinsights_sitenote_category":0,"jetpack_post_was_ever_published":false,"_jetpack_newsletter_access":"","_jetpack_dont_email_post_to_subs":false,"_jetpack_newsletter_tier_id":0,"_jetpack_memberships_contains_paywalled_content":false,"_jetpack_memberships_contains_paid_content":false,"footnotes":"","jetpack_publicize_message":"","jetpack_publicize_feature_enabled":true,"jetpack_social_post_already_shared":true,"jetpack_social_options":{"image_generator_settings":{"template":"highway","default_image_id":0,"font":"","enabled":false},"version":2},"_wpas_customize_per_network":false},"categories":[30],"tags":[424,281],"class_list":["post-110618","post","type-post","status-publish","format-standard","has-post-thumbnail","hentry","category-municipio","tag-ustarroz","tag-wado-de-pedro","generate-columns","tablet-grid-50","mobile-grid-100","grid-parent","grid-50"],"jetpack_publicize_connections":[],"jetpack_featured_media_url":"https:\/\/www.hoymercedes.com.ar\/principal\/wp-content\/uploads\/2020\/05\/Avenida220200513_104603.jpg","wps_subtitle":"Obra p\u00fablica","jetpack_sharing_enabled":true,"_links":{"self":[{"href":"https:\/\/www.hoymercedes.com.ar\/principal\/wp-json\/wp\/v2\/posts\/110618","targetHints":{"allow":["GET"]}}],"collection":[{"href":"https:\/\/www.hoymercedes.com.ar\/principal\/wp-json\/wp\/v2\/posts"}],"about":[{"href":"https:\/\/www.hoymercedes.com.ar\/principal\/wp-json\/wp\/v2\/types\/post"}],"author":[{"embeddable":true,"href":"https:\/\/www.hoymercedes.com.ar\/principal\/wp-json\/wp\/v2\/users\/1"}],"replies":[{"embeddable":true,"href":"https:\/\/www.hoymercedes.com.ar\/principal\/wp-json\/wp\/v2\/comments?post=110618"}],"version-history":[{"count":0,"href":"https:\/\/www.hoymercedes.com.ar\/principal\/wp-json\/wp\/v2\/posts\/110618\/revisions"}],"wp:featuredmedia":[{"embeddable":true,"href":"https:\/\/www.hoymercedes.com.ar\/principal\/wp-json\/wp\/v2\/media\/110619"}],"wp:attachment":[{"href":"https:\/\/www.hoymercedes.com.ar\/principal\/wp-json\/wp\/v2\/media?parent=110618"}],"wp:term":[{"taxonomy":"category","embeddable":true,"href":"https:\/\/www.hoymercedes.com.ar\/principal\/wp-json\/wp\/v2\/categories?post=110618"},{"taxonomy":"post_tag","embeddable":true,"href":"https:\/\/www.hoymercedes.com.ar\/principal\/wp-json\/wp\/v2\/tags?post=110618"}],"curies":[{"name":"wp","href":"https:\/\/api.w.org\/{rel}","templated":true}]}}