{"id":110677,"date":"2020-05-14T22:12:00","date_gmt":"2020-05-15T01:12:00","guid":{"rendered":"http:\/\/www.hoymercedes.com.ar\/principal\/?p=110677"},"modified":"2020-05-15T12:29:19","modified_gmt":"2020-05-15T15:29:19","slug":"coronavirus-preocupacion-nacional-por-la-cantidad-de-fallecidos-en-un-dia","status":"publish","type":"post","link":"https:\/\/www.hoymercedes.com.ar\/principal\/2020\/05\/14\/coronavirus-preocupacion-nacional-por-la-cantidad-de-fallecidos-en-un-dia\/","title":{"rendered":"Coronavirus: preocupaci\u00f3n nacional por la cantidad de fallecidos en un d\u00eda"},"content":{"rendered":"\n<p>Veinticuatro fueron las personas fallecidas en el pa\u00eds por COVID-19. En tanto, en Mercedes hay nuevos casos en estudio. En total son cuatro los pacientes que esperan los resultados del PCR realizado luego de ingresar a los centros de salud de la ciudad por tener s\u00edntomas compatibles con la enfermedad que produce al mundo. <\/p>\n\n\n\n<p>Los cuatro casos en estudio est\u00e1n tres en Hospital Blas L. Dubarry y uno en la Cl\u00ednica Nueva Cruz Azul. Adem\u00e1s, la Secretar\u00eda de Salud realiza el seguimiento sanitario de nueve vecinos que recientemente regresaron de viaje al exterior o ser familiar del viajante. En tanto, son 333 las altas de vecinos y vecinas en seguimiento que pasan a aislamiento general.<\/p>\n\n\n\n<p>El cierre del d\u00eda en el pa\u00eds signific\u00f3 una gran preocupaci\u00f3n por la cantidad de fallecidos. En 24 horas, fueron veinticuatro las personas que fallecieron producto del virus SARS-COV2 que produce Covid-19. El Ministerio de Salud de Naci\u00f3n hoy confirm\u00f3 255 nuevos casos de COVID-19. Con estos registros, suman 7.134 positivos en el pa\u00eds. Del total de esos casos, 935 (13,1%) son importados, 3.226 (45,2%) son contactos estrechos de casos confirmados, 2.169 (30,4%) son casos de circulaci\u00f3n comunitaria y el resto se encuentra en investigaci\u00f3n epidemiol\u00f3gica.<\/p>\n\n\n\n<p>Desde el informe de la noche del mi\u00e9rcoles, fueron 24 las personas que fallecieron. En la ma\u00f1ana del jueves, se comunicaron quince nuevas muertes. Ocho mujeres, cinco de 86, 89, 74, 71 y 105 a\u00f1os, residentes en la Ciudad de Buenos Aires (CABA); y tres de 76, 65 y 76 a\u00f1os, residentes en la provincia de Buenos Aires; y siete hombres, tres de 71, 80 y 81 a\u00f1os, residentes en la provincia de Buenos Aires; y cuatro de 71, 66, 69 y 77 a\u00f1os, residentes en la Ciudad de Buenos Aires (CABA). En el de la noche informaron nueves nuevas muertes. Siete hombres, cuatro de 48, 73, 62 y 31 a\u00f1os, residentes en la provincia de Buenos Aires; otro de 35 a\u00f1os, residente en la provincia de Chaco; uno de 65 a\u00f1os, residente en la provincia de R\u00edo Negro; y uno de 77 a\u00f1os, residente en la Ciudad de Buenos Aires; y dos mujeres, una de 83 a\u00f1os, residente en la provincia de Buenos Aires, y otra de 90 a\u00f1os residente en la provincia de C\u00f3rdoba. Al momento la cantidad de personas fallecidas es 353.<\/p>\n","protected":false},"excerpt":{"rendered":"<p>Veinticuatro fueron las personas fallecidas en el pa\u00eds por COVID-19. En tanto, en Mercedes hay nuevos casos en estudio. En &#8230; <a title=\"Coronavirus: preocupaci\u00f3n nacional por la cantidad de fallecidos en un d\u00eda\" class=\"read-more\" href=\"https:\/\/www.hoymercedes.com.ar\/principal\/2020\/05\/14\/coronavirus-preocupacion-nacional-por-la-cantidad-de-fallecidos-en-un-dia\/\" aria-label=\"Leer m\u00e1s sobre Coronavirus: preocupaci\u00f3n nacional por la cantidad de fallecidos en un d\u00eda\">Leer m\u00e1s<\/a><\/p>\n","protected":false},"author":1,"featured_media":110696,"comment_status":"closed","ping_status":"open","sticky":false,"template":"","format":"standard","meta":{"_monsterinsights_skip_tracking":false,"_monsterinsights_sitenote_active":false,"_monsterinsights_sitenote_note":"","_monsterinsights_sitenote_category":0,"jetpack_post_was_ever_published":false,"_jetpack_newsletter_access":"","_jetpack_dont_email_post_to_subs":false,"_jetpack_newsletter_tier_id":0,"_jetpack_memberships_contains_paywalled_content":false,"_jetpack_memberships_contains_paid_content":false,"footnotes":"","jetpack_publicize_message":"","jetpack_publicize_feature_enabled":true,"jetpack_social_post_already_shared":true,"jetpack_social_options":{"image_generator_settings":{"template":"highway","default_image_id":0,"font":"","enabled":false},"version":2},"_wpas_customize_per_network":false},"categories":[9791],"tags":[16517,16561,16175,16313],"class_list":["post-110677","post","type-post","status-publish","format-standard","has-post-thumbnail","hentry","category-salud","tag-casos-en-estudio","tag-cierre-del-dia","tag-coronavirus","tag-covid-19","generate-columns","tablet-grid-50","mobile-grid-100","grid-parent","grid-50"],"jetpack_publicize_connections":[],"jetpack_featured_media_url":"https:\/\/www.hoymercedes.com.ar\/principal\/wp-content\/uploads\/2020\/05\/WhatsApp-Image-2020-05-14-at-21.39.46.jpeg","wps_subtitle":"Cierre del d\u00eda","jetpack_sharing_enabled":true,"_links":{"self":[{"href":"https:\/\/www.hoymercedes.com.ar\/principal\/wp-json\/wp\/v2\/posts\/110677","targetHints":{"allow":["GET"]}}],"collection":[{"href":"https:\/\/www.hoymercedes.com.ar\/principal\/wp-json\/wp\/v2\/posts"}],"about":[{"href":"https:\/\/www.hoymercedes.com.ar\/principal\/wp-json\/wp\/v2\/types\/post"}],"author":[{"embeddable":true,"href":"https:\/\/www.hoymercedes.com.ar\/principal\/wp-json\/wp\/v2\/users\/1"}],"replies":[{"embeddable":true,"href":"https:\/\/www.hoymercedes.com.ar\/principal\/wp-json\/wp\/v2\/comments?post=110677"}],"version-history":[{"count":0,"href":"https:\/\/www.hoymercedes.com.ar\/principal\/wp-json\/wp\/v2\/posts\/110677\/revisions"}],"wp:featuredmedia":[{"embeddable":true,"href":"https:\/\/www.hoymercedes.com.ar\/principal\/wp-json\/wp\/v2\/media\/110696"}],"wp:attachment":[{"href":"https:\/\/www.hoymercedes.com.ar\/principal\/wp-json\/wp\/v2\/media?parent=110677"}],"wp:term":[{"taxonomy":"category","embeddable":true,"href":"https:\/\/www.hoymercedes.com.ar\/principal\/wp-json\/wp\/v2\/categories?post=110677"},{"taxonomy":"post_tag","embeddable":true,"href":"https:\/\/www.hoymercedes.com.ar\/principal\/wp-json\/wp\/v2\/tags?post=110677"}],"curies":[{"name":"wp","href":"https:\/\/api.w.org\/{rel}","templated":true}]}}