{"id":110689,"date":"2020-05-14T20:18:22","date_gmt":"2020-05-14T23:18:22","guid":{"rendered":"http:\/\/www.hoymercedes.com.ar\/principal\/?p=110689"},"modified":"2020-05-14T20:22:08","modified_gmt":"2020-05-14T23:22:08","slug":"lujan-el-escribano-de-moron-sera-indagado-este-viernes","status":"publish","type":"post","link":"https:\/\/www.hoymercedes.com.ar\/principal\/2020\/05\/14\/lujan-el-escribano-de-moron-sera-indagado-este-viernes\/","title":{"rendered":"Luj\u00e1n: el escribano de Mor\u00f3n ser\u00e1 indagado este viernes"},"content":{"rendered":"\n<p>La investigaci\u00f3n por el <a href=\"https:\/\/www.hoymercedes.com.ar\/principal\/2020\/05\/14\/lujan-un-hombre-detenido-por-arrojar-un-cuerpo-descuartizado-al-rio\/\" target=\"_blank\" rel=\"noreferrer noopener\">asesinato cometido por el escribano de Mor\u00f3<\/a>n que fue detenido en la noche del mi\u00e9rcoles en la ciudad de Luj\u00e1n cuando arrojaba una valija y restos de un cuerpo humano en el r\u00edo. Se conoci\u00f3 el pre informe de la autopsia. Trascendi\u00f3 que este informe expresa que la v\u00edctima falleci\u00f3 producto de una herida de arma blanca a la altura del t\u00f3rax que afect\u00f3 coraz\u00f3n y vasos vitales. <\/p>\n\n\n\n<p>En principio el arma homicida podr\u00eda ser un cuchillo de un solo filo, tipo tramontina.  Posteriormente al deceso el imputado habr\u00eda procedido al desmembramiento cuyas laceraciones pudieron ser efectuadas con elemento similar a hacha o sierra.<\/p>\n\n\n\n<p>Desde la Fiscal\u00eda Descentralizada de Luj\u00e1n se supo que el imputado ser\u00e1 indagado este viernes 15 de mayo en horas de la ma\u00f1ana, con asistencia de abogado particular. Mientras tanto est\u00e1 detenido en la Comisar\u00eda 1\u00b0 de Luj\u00e1n. <\/p>\n","protected":false},"excerpt":{"rendered":"<p>La investigaci\u00f3n por el asesinato cometido por el escribano de Mor\u00f3n que fue detenido en la noche del mi\u00e9rcoles en &#8230; <a title=\"Luj\u00e1n: el escribano de Mor\u00f3n ser\u00e1 indagado este viernes\" class=\"read-more\" href=\"https:\/\/www.hoymercedes.com.ar\/principal\/2020\/05\/14\/lujan-el-escribano-de-moron-sera-indagado-este-viernes\/\" aria-label=\"Leer m\u00e1s sobre Luj\u00e1n: el escribano de Mor\u00f3n ser\u00e1 indagado este viernes\">Leer m\u00e1s<\/a><\/p>\n","protected":false},"author":1,"featured_media":110652,"comment_status":"closed","ping_status":"open","sticky":false,"template":"","format":"standard","meta":{"_monsterinsights_skip_tracking":false,"_monsterinsights_sitenote_active":false,"_monsterinsights_sitenote_note":"","_monsterinsights_sitenote_category":0,"jetpack_post_was_ever_published":false,"_jetpack_newsletter_access":"","_jetpack_dont_email_post_to_subs":false,"_jetpack_newsletter_tier_id":0,"_jetpack_memberships_contains_paywalled_content":false,"_jetpack_memberships_contains_paid_content":false,"footnotes":"","jetpack_publicize_message":"","jetpack_publicize_feature_enabled":true,"jetpack_social_post_already_shared":true,"jetpack_social_options":{"image_generator_settings":{"template":"highway","default_image_id":0,"font":"","enabled":false},"version":2},"_wpas_customize_per_network":false},"categories":[85],"tags":[4647,10581,86,96],"class_list":["post-110689","post","type-post","status-publish","format-standard","has-post-thumbnail","hentry","category-policial","tag-asesinato","tag-fiscalia","tag-lujan","tag-policial-2","generate-columns","tablet-grid-50","mobile-grid-100","grid-parent","grid-50"],"jetpack_publicize_connections":[],"jetpack_featured_media_url":"https:\/\/www.hoymercedes.com.ar\/principal\/wp-content\/uploads\/2020\/05\/detenido-lujan_edited.jpg","wps_subtitle":"Ampl\u00edan la informaci\u00f3n","jetpack_sharing_enabled":true,"_links":{"self":[{"href":"https:\/\/www.hoymercedes.com.ar\/principal\/wp-json\/wp\/v2\/posts\/110689","targetHints":{"allow":["GET"]}}],"collection":[{"href":"https:\/\/www.hoymercedes.com.ar\/principal\/wp-json\/wp\/v2\/posts"}],"about":[{"href":"https:\/\/www.hoymercedes.com.ar\/principal\/wp-json\/wp\/v2\/types\/post"}],"author":[{"embeddable":true,"href":"https:\/\/www.hoymercedes.com.ar\/principal\/wp-json\/wp\/v2\/users\/1"}],"replies":[{"embeddable":true,"href":"https:\/\/www.hoymercedes.com.ar\/principal\/wp-json\/wp\/v2\/comments?post=110689"}],"version-history":[{"count":0,"href":"https:\/\/www.hoymercedes.com.ar\/principal\/wp-json\/wp\/v2\/posts\/110689\/revisions"}],"wp:featuredmedia":[{"embeddable":true,"href":"https:\/\/www.hoymercedes.com.ar\/principal\/wp-json\/wp\/v2\/media\/110652"}],"wp:attachment":[{"href":"https:\/\/www.hoymercedes.com.ar\/principal\/wp-json\/wp\/v2\/media?parent=110689"}],"wp:term":[{"taxonomy":"category","embeddable":true,"href":"https:\/\/www.hoymercedes.com.ar\/principal\/wp-json\/wp\/v2\/categories?post=110689"},{"taxonomy":"post_tag","embeddable":true,"href":"https:\/\/www.hoymercedes.com.ar\/principal\/wp-json\/wp\/v2\/tags?post=110689"}],"curies":[{"name":"wp","href":"https:\/\/api.w.org\/{rel}","templated":true}]}}