{"id":110700,"date":"2020-05-15T10:33:11","date_gmt":"2020-05-15T13:33:11","guid":{"rendered":"http:\/\/www.hoymercedes.com.ar\/principal\/?p=110700"},"modified":"2020-05-15T10:33:13","modified_gmt":"2020-05-15T13:33:13","slug":"provincia-envio-respiradores-instrumental-e-insumos-medicos-al-dubarry","status":"publish","type":"post","link":"https:\/\/www.hoymercedes.com.ar\/principal\/2020\/05\/15\/provincia-envio-respiradores-instrumental-e-insumos-medicos-al-dubarry\/","title":{"rendered":"Provincia envi\u00f3 respiradores, instrumental e insumos m\u00e9dicos al Dubarry"},"content":{"rendered":"\n<figure class=\"wp-block-embed-youtube wp-block-embed is-type-video is-provider-youtube wp-embed-aspect-16-9 wp-has-aspect-ratio\"><div class=\"wp-block-embed__wrapper\">\n<span class=\"embed-youtube\" style=\"text-align:center; display: block;\"><iframe loading=\"lazy\" class=\"youtube-player\" width=\"1200\" height=\"675\" src=\"https:\/\/www.youtube.com\/embed\/1LYNLWzDM3I?version=3&#038;rel=1&#038;showsearch=0&#038;showinfo=1&#038;iv_load_policy=1&#038;fs=1&#038;hl=es-ES&#038;autohide=2&#038;wmode=transparent\" allowfullscreen=\"true\" style=\"border:0;\" sandbox=\"allow-scripts allow-same-origin allow-popups allow-presentation allow-popups-to-escape-sandbox\"><\/iframe><\/span>\n<\/div><\/figure>\n\n\n\n<p>El intendente Ustarroz junto al director del Dubarry, Pablo Cassiani, recibieron respiradores, bombas de infusi\u00f3n, monitores multiparam\u00e9tricos, ec\u00f3grafo port\u00e1til y miles de insumos para el cuidado del personal de la salud y los futuros pacientes en el marco de la pandemia covid-19. Son \u201cinsumos y herramientas de trabajos es fundamental as\u00ed que queremos agradecer al gobernador Axel Kiciloff, tambi\u00e9n al ministro de salud Daniel Gollan por este compromiso con Mercedes\u201d afirm\u00f3 el intendente municipal.<\/p>\n\n\n\n<p><strong>Gestiones<\/strong><\/p>\n\n\n\n<p>\u201cEstamos muy contentos. Hemos recibido gran cantidad de insumos por parte del Ministerio de Salud de la Provincia despu\u00e9s de las gestiones que realiz\u00f3 nuestro intendente Juan Ignacio Ustarroz con tanto esfuerzo\u201d dijo el director del hospital Dr. Pablo Cassiani.<\/p>\n\n\n\n<figure class=\"wp-block-image size-large\"><img loading=\"lazy\" decoding=\"async\" width=\"1200\" height=\"801\" data-attachment-id=\"110701\" data-permalink=\"https:\/\/www.hoymercedes.com.ar\/principal\/2020\/05\/15\/provincia-envio-respiradores-instrumental-e-insumos-medicos-al-dubarry\/insumosdubarrydsc_0867\/#main\" data-orig-file=\"https:\/\/www.hoymercedes.com.ar\/principal\/wp-content\/uploads\/2020\/05\/InsumosDubarryDSC_0867.jpg\" data-orig-size=\"1200,801\" data-comments-opened=\"0\" data-image-meta=\"{&quot;aperture&quot;:&quot;0&quot;,&quot;credit&quot;:&quot;&quot;,&quot;camera&quot;:&quot;&quot;,&quot;caption&quot;:&quot;&quot;,&quot;created_timestamp&quot;:&quot;0&quot;,&quot;copyright&quot;:&quot;&quot;,&quot;focal_length&quot;:&quot;0&quot;,&quot;iso&quot;:&quot;0&quot;,&quot;shutter_speed&quot;:&quot;0&quot;,&quot;title&quot;:&quot;&quot;,&quot;orientation&quot;:&quot;0&quot;}\" data-image-title=\"InsumosDubarryDSC_0867\" data-image-description=\"\" data-image-caption=\"\" data-large-file=\"https:\/\/www.hoymercedes.com.ar\/principal\/wp-content\/uploads\/2020\/05\/InsumosDubarryDSC_0867.jpg\" src=\"https:\/\/www.hoymercedes.com.ar\/principal\/wp-content\/uploads\/2020\/05\/InsumosDubarryDSC_0867.jpg\" alt=\"\" class=\"wp-image-110701\"\/><figcaption>Gran cantidad de insumor y equipamiento <\/figcaption><\/figure>\n\n\n\n<p>\u201cLa verdad que hoy el Dubarry da otro salto cuali cuantitativo donde recibimos gran cantidad de insumos y elementos para el cuidado del personal, 4 anhelados respiradores nuevos, 1 ec\u00f3grafo port\u00e1til, 8 bombas de infusi\u00f3n, 4 monitores multiparam\u00e9tricos, y un sinf\u00edn de elementos que mejoran la calidad de atenci\u00f3n que uno puede dar. Siempre lo m\u00e1s importantes es el recurso humano y por eso agradezco la presencia de Sergio Villarroel y a todo su equipo.<\/p>\n\n\n\n<p>\u201cEl Dubarry siempre ha tenido un m\u00e9dico de terapia intensiva a diario de guardia y hoy gracias al esfuerzo del Dr. Villarroel contamos con dos m\u00e9dicos terapistas y eso tambi\u00e9n es algo valios\u00edsimo\u201d afirm\u00f3 el m\u00e9dico y remarc\u00f3 que \u201cnosotros nos seguimos preparando para el peor de los escenarios y tenemos que no improvisar cuando lleguen los casos que van a llegar lamentablemente en alg\u00fan momento a Mercedes, por eso tambi\u00e9n le pedimos responsabilidad a nuestros vecinos\u201d afirm\u00f3.<\/p>\n\n\n\n<figure class=\"wp-block-image size-large\"><img loading=\"lazy\" decoding=\"async\" width=\"1200\" height=\"801\" data-attachment-id=\"110702\" data-permalink=\"https:\/\/www.hoymercedes.com.ar\/principal\/2020\/05\/15\/provincia-envio-respiradores-instrumental-e-insumos-medicos-al-dubarry\/insumosdubarrydsc_0871\/#main\" data-orig-file=\"https:\/\/www.hoymercedes.com.ar\/principal\/wp-content\/uploads\/2020\/05\/InsumosDubarryDSC_0871.jpg\" data-orig-size=\"1200,801\" data-comments-opened=\"0\" data-image-meta=\"{&quot;aperture&quot;:&quot;0&quot;,&quot;credit&quot;:&quot;&quot;,&quot;camera&quot;:&quot;&quot;,&quot;caption&quot;:&quot;&quot;,&quot;created_timestamp&quot;:&quot;0&quot;,&quot;copyright&quot;:&quot;&quot;,&quot;focal_length&quot;:&quot;0&quot;,&quot;iso&quot;:&quot;0&quot;,&quot;shutter_speed&quot;:&quot;0&quot;,&quot;title&quot;:&quot;&quot;,&quot;orientation&quot;:&quot;0&quot;}\" data-image-title=\"InsumosDubarryDSC_0871\" data-image-description=\"\" data-image-caption=\"\" data-large-file=\"https:\/\/www.hoymercedes.com.ar\/principal\/wp-content\/uploads\/2020\/05\/InsumosDubarryDSC_0871.jpg\" src=\"https:\/\/www.hoymercedes.com.ar\/principal\/wp-content\/uploads\/2020\/05\/InsumosDubarryDSC_0871.jpg\" alt=\"\" class=\"wp-image-110702\"\/><figcaption>Presentaci\u00f3n oficial<\/figcaption><\/figure>\n\n\n\n<p><strong>Equipamiento<\/strong><\/p>\n\n\n\n<p>El Dr. Sergio Villarroel manifest\u00f3 que \u201cdeseo recalcar que el \u00e1rea de terapia est\u00e1 equipada para una determinada de cantidad de atenci\u00f3n y con esto que nos aporta la Provincia tenemos esa capacidad que podr\u00edamos necesitar en un futuro\u201d afirm\u00f3 el profesional jefe del \u00e1rea de terapia intensiva del nosocomio local y manifest\u00f3 \u201cpor el momento no la estamos necesitando, pero estamos preparados por si llegamos a necesitarlo. Es muy positivo tener lo necesario. Equipamiento, material y capacidad humana\u201d narro y destac\u00f3 que \u201cestamos afinando todos los detalles llegado el momento\u201d sostuvo.<\/p>\n\n\n\n<figure class=\"wp-block-image size-large\"><img loading=\"lazy\" decoding=\"async\" width=\"1200\" height=\"801\" data-attachment-id=\"110703\" data-permalink=\"https:\/\/www.hoymercedes.com.ar\/principal\/2020\/05\/15\/provincia-envio-respiradores-instrumental-e-insumos-medicos-al-dubarry\/insumosdubarrydsc_0882\/#main\" data-orig-file=\"https:\/\/www.hoymercedes.com.ar\/principal\/wp-content\/uploads\/2020\/05\/InsumosDubarryDSC_0882.jpg\" data-orig-size=\"1200,801\" data-comments-opened=\"0\" data-image-meta=\"{&quot;aperture&quot;:&quot;0&quot;,&quot;credit&quot;:&quot;&quot;,&quot;camera&quot;:&quot;&quot;,&quot;caption&quot;:&quot;&quot;,&quot;created_timestamp&quot;:&quot;0&quot;,&quot;copyright&quot;:&quot;&quot;,&quot;focal_length&quot;:&quot;0&quot;,&quot;iso&quot;:&quot;0&quot;,&quot;shutter_speed&quot;:&quot;0&quot;,&quot;title&quot;:&quot;&quot;,&quot;orientation&quot;:&quot;0&quot;}\" data-image-title=\"InsumosDubarryDSC_0882\" data-image-description=\"\" data-image-caption=\"\" data-large-file=\"https:\/\/www.hoymercedes.com.ar\/principal\/wp-content\/uploads\/2020\/05\/InsumosDubarryDSC_0882.jpg\" src=\"https:\/\/www.hoymercedes.com.ar\/principal\/wp-content\/uploads\/2020\/05\/InsumosDubarryDSC_0882.jpg\" alt=\"\" class=\"wp-image-110703\"\/><figcaption>Insumos<\/figcaption><\/figure>\n\n\n\n<p><strong>Trabajados<\/strong><\/p>\n\n\n\n<p>\u201cQuiero felicitar al director del hospital y a cada trabajador y trabajadora de la salud\u201d afirm\u00f3 el jefe comunal y manifest\u00f3 que \u201cpara nosotros como ciudad que el hospital Dubarry reciba estos insumos y herramientas de trabajos es fundamental as\u00ed que queremos agradecer al gobernador Axel Kiciloff, tambi\u00e9n al ministro de salud Daniel Gollan por este compromiso con Mercedes\u201d y remarc\u00f3 que \u201cnos sentimos muy escuchados como ciudad, como hospital, y sabemos que a pesar de la crisis econ\u00f3mica se est\u00e1 haciendo un gran esfuerzo por cuidar la salud de todos los bonaerenses y todos los mercedinos\u201d destac\u00f3.<\/p>\n\n\n\n<p>M\u00e1s adelante narr\u00f3 que \u201cestamos en el hospital acompa\u00f1ados de quienes estar\u00e1n en la trinchera en este emblema de la salud de Mercedes\u201d<\/p>\n\n\n\n<figure class=\"wp-block-image size-large\"><img loading=\"lazy\" decoding=\"async\" width=\"1200\" height=\"801\" data-attachment-id=\"110704\" data-permalink=\"https:\/\/www.hoymercedes.com.ar\/principal\/2020\/05\/15\/provincia-envio-respiradores-instrumental-e-insumos-medicos-al-dubarry\/insumosdubarrydsc_0884\/#main\" data-orig-file=\"https:\/\/www.hoymercedes.com.ar\/principal\/wp-content\/uploads\/2020\/05\/InsumosDubarryDSC_0884.jpg\" data-orig-size=\"1200,801\" data-comments-opened=\"0\" data-image-meta=\"{&quot;aperture&quot;:&quot;0&quot;,&quot;credit&quot;:&quot;&quot;,&quot;camera&quot;:&quot;&quot;,&quot;caption&quot;:&quot;&quot;,&quot;created_timestamp&quot;:&quot;0&quot;,&quot;copyright&quot;:&quot;&quot;,&quot;focal_length&quot;:&quot;0&quot;,&quot;iso&quot;:&quot;0&quot;,&quot;shutter_speed&quot;:&quot;0&quot;,&quot;title&quot;:&quot;&quot;,&quot;orientation&quot;:&quot;0&quot;}\" data-image-title=\"InsumosDubarryDSC_0884\" data-image-description=\"\" data-image-caption=\"\" data-large-file=\"https:\/\/www.hoymercedes.com.ar\/principal\/wp-content\/uploads\/2020\/05\/InsumosDubarryDSC_0884.jpg\" src=\"https:\/\/www.hoymercedes.com.ar\/principal\/wp-content\/uploads\/2020\/05\/InsumosDubarryDSC_0884.jpg\" alt=\"\" class=\"wp-image-110704\"\/><figcaption>Respiradores, monitores, ec\u00f3grafos y m\u00e1s<\/figcaption><\/figure>\n\n\n\n<p><strong>Cuidarnos<\/strong><\/p>\n\n\n\n<p>Se aprovech\u00f3 la ocasi\u00f3n para \u201cpedimos a los vecinos que evitemos llegar a la terapia. Debemos mantener a raja tabla las medidas de prevenci\u00f3n, de contenci\u00f3n, todo lo que tiene que ver con el distanciamiento social, el cumplimiento de la cuarentena, usar tapaboca\u201d afirm\u00f3 y coment\u00f3 el intendente y expres\u00f3 que \u201cusar tapaboca no inhabilita la distancia. Estamos como pa\u00eds entrando en los momentos m\u00e1s cr\u00edticos donde empiezan a crecer d\u00eda a d\u00eda los casos donde llegaremos a un punto en que ser\u00e1 inevitable lleguen y por suerte tenemos a los profesionales y la gente de la salud comprometida, tanto del sistema p\u00fablico como privado para dar respuestas, pero depende mucho de nosotros, de toda la ciudadan\u00eda no llegar a colapsar este sistema y como bien dice el presidente Fern\u00e1ndez, no es una enfermedad que lo encuentra a uno, sino que uno la sale a buscar\u201d y coment\u00f3 que \u201cen estos momentos donde la ciudad no cuenta con ning\u00fan caso hay gente que se relaja, baja los brazos, y es lo peor que podemos hacer\u201d comento y finaliz\u00f3 remarcando que \u201cqueremos tambi\u00e9n agradecer a quienes cumplen las medidas y la cuarentena porque si bien no tenemos casos, es fundamental cuidarnos\u201d<\/p>\n\n\n\n<p>Fuente. Dubarry<\/p>\n","protected":false},"excerpt":{"rendered":"<p>El intendente Ustarroz junto al director del Dubarry, Pablo Cassiani, recibieron respiradores, bombas de infusi\u00f3n, monitores multiparam\u00e9tricos, ec\u00f3grafo port\u00e1til y &#8230; <a title=\"Provincia envi\u00f3 respiradores, instrumental e insumos m\u00e9dicos al Dubarry\" class=\"read-more\" href=\"https:\/\/www.hoymercedes.com.ar\/principal\/2020\/05\/15\/provincia-envio-respiradores-instrumental-e-insumos-medicos-al-dubarry\/\" aria-label=\"Leer m\u00e1s sobre Provincia envi\u00f3 respiradores, instrumental e insumos m\u00e9dicos al Dubarry\">Leer m\u00e1s<\/a><\/p>\n","protected":false},"author":1,"featured_media":110704,"comment_status":"closed","ping_status":"open","sticky":false,"template":"","format":"standard","meta":{"_monsterinsights_skip_tracking":false,"_monsterinsights_sitenote_active":false,"_monsterinsights_sitenote_note":"","_monsterinsights_sitenote_category":0,"jetpack_post_was_ever_published":false,"_jetpack_newsletter_access":"","_jetpack_dont_email_post_to_subs":false,"_jetpack_newsletter_tier_id":0,"_jetpack_memberships_contains_paywalled_content":false,"_jetpack_memberships_contains_paid_content":false,"footnotes":"","jetpack_publicize_message":"","jetpack_publicize_feature_enabled":true,"jetpack_social_post_already_shared":true,"jetpack_social_options":{"image_generator_settings":{"template":"highway","default_image_id":0,"font":"","enabled":false},"version":2},"_wpas_customize_per_network":false},"categories":[30],"tags":[16175,140,4650,16605],"class_list":["post-110700","post","type-post","status-publish","format-standard","has-post-thumbnail","hentry","category-municipio","tag-coronavirus","tag-hospital-dubarry","tag-pablo-cassiani","tag-respiradores","generate-columns","tablet-grid-50","mobile-grid-100","grid-parent","grid-50"],"jetpack_publicize_connections":[],"jetpack_featured_media_url":"https:\/\/www.hoymercedes.com.ar\/principal\/wp-content\/uploads\/2020\/05\/InsumosDubarryDSC_0884.jpg","wps_subtitle":"","jetpack_sharing_enabled":true,"_links":{"self":[{"href":"https:\/\/www.hoymercedes.com.ar\/principal\/wp-json\/wp\/v2\/posts\/110700","targetHints":{"allow":["GET"]}}],"collection":[{"href":"https:\/\/www.hoymercedes.com.ar\/principal\/wp-json\/wp\/v2\/posts"}],"about":[{"href":"https:\/\/www.hoymercedes.com.ar\/principal\/wp-json\/wp\/v2\/types\/post"}],"author":[{"embeddable":true,"href":"https:\/\/www.hoymercedes.com.ar\/principal\/wp-json\/wp\/v2\/users\/1"}],"replies":[{"embeddable":true,"href":"https:\/\/www.hoymercedes.com.ar\/principal\/wp-json\/wp\/v2\/comments?post=110700"}],"version-history":[{"count":0,"href":"https:\/\/www.hoymercedes.com.ar\/principal\/wp-json\/wp\/v2\/posts\/110700\/revisions"}],"wp:featuredmedia":[{"embeddable":true,"href":"https:\/\/www.hoymercedes.com.ar\/principal\/wp-json\/wp\/v2\/media\/110704"}],"wp:attachment":[{"href":"https:\/\/www.hoymercedes.com.ar\/principal\/wp-json\/wp\/v2\/media?parent=110700"}],"wp:term":[{"taxonomy":"category","embeddable":true,"href":"https:\/\/www.hoymercedes.com.ar\/principal\/wp-json\/wp\/v2\/categories?post=110700"},{"taxonomy":"post_tag","embeddable":true,"href":"https:\/\/www.hoymercedes.com.ar\/principal\/wp-json\/wp\/v2\/tags?post=110700"}],"curies":[{"name":"wp","href":"https:\/\/api.w.org\/{rel}","templated":true}]}}