{"id":110708,"date":"2020-05-15T12:24:24","date_gmt":"2020-05-15T15:24:24","guid":{"rendered":"http:\/\/www.hoymercedes.com.ar\/principal\/?p=110708"},"modified":"2020-05-15T12:27:30","modified_gmt":"2020-05-15T15:27:30","slug":"cambios-en-el-calendario-de-pagos-por-los-bolsones-de-pami","status":"publish","type":"post","link":"https:\/\/www.hoymercedes.com.ar\/principal\/2020\/05\/15\/cambios-en-el-calendario-de-pagos-por-los-bolsones-de-pami\/","title":{"rendered":"Cambios en el calendario de pagos por los bolsones de PAMI"},"content":{"rendered":"\n<p>Desde PAMI y ANSES anunciaron cambios en el calendario de pagos de los 1600 pesos para las personas que est\u00e1n anotadas en el Programa Alimentario y que reciben los bolsones alimentarios mensualmente, pero que los \u00faltimos meses por cuestiones operativas no llegaron. <\/p>\n\n\n\n<p>Son 540 mil jubilados en todo el pa\u00eds que recibir\u00e1n este monto que ser\u00e1n incorporados en el recibo de haberes . La suma ser\u00e1 percibida en la fecha que corresponda por terminaci\u00f3n de documento seg\u00fan el siguiente cronograma de pagos estipulado.<\/p>\n\n\n\n<figure class=\"wp-block-image size-large\"><img loading=\"lazy\" decoding=\"async\" width=\"800\" height=\"401\" data-attachment-id=\"110709\" data-permalink=\"https:\/\/www.hoymercedes.com.ar\/principal\/2020\/05\/15\/cambios-en-el-calendario-de-pagos-por-los-bolsones-de-pami\/15-calendario-pami\/#main\" data-orig-file=\"https:\/\/www.hoymercedes.com.ar\/principal\/wp-content\/uploads\/2020\/05\/15-calendario-PAMI.jpeg\" data-orig-size=\"800,401\" data-comments-opened=\"0\" data-image-meta=\"{&quot;aperture&quot;:&quot;0&quot;,&quot;credit&quot;:&quot;&quot;,&quot;camera&quot;:&quot;&quot;,&quot;caption&quot;:&quot;&quot;,&quot;created_timestamp&quot;:&quot;0&quot;,&quot;copyright&quot;:&quot;&quot;,&quot;focal_length&quot;:&quot;0&quot;,&quot;iso&quot;:&quot;0&quot;,&quot;shutter_speed&quot;:&quot;0&quot;,&quot;title&quot;:&quot;&quot;,&quot;orientation&quot;:&quot;0&quot;}\" data-image-title=\"15 calendario PAMI\" data-image-description=\"\" data-image-caption=\"\" data-large-file=\"https:\/\/www.hoymercedes.com.ar\/principal\/wp-content\/uploads\/2020\/05\/15-calendario-PAMI.jpeg\" src=\"https:\/\/www.hoymercedes.com.ar\/principal\/wp-content\/uploads\/2020\/05\/15-calendario-PAMI.jpeg\" alt=\"\" class=\"wp-image-110709\"\/><\/figure>\n\n\n\n<p><\/p>\n","protected":false},"excerpt":{"rendered":"<p>Desde PAMI y ANSES anunciaron cambios en el calendario de pagos de los 1600 pesos para las personas que est\u00e1n &#8230; <a title=\"Cambios en el calendario de pagos por los bolsones de PAMI\" class=\"read-more\" href=\"https:\/\/www.hoymercedes.com.ar\/principal\/2020\/05\/15\/cambios-en-el-calendario-de-pagos-por-los-bolsones-de-pami\/\" aria-label=\"Leer m\u00e1s sobre Cambios en el calendario de pagos por los bolsones de PAMI\">Leer m\u00e1s<\/a><\/p>\n","protected":false},"author":1,"featured_media":110709,"comment_status":"closed","ping_status":"open","sticky":false,"template":"","format":"standard","meta":{"_monsterinsights_skip_tracking":false,"_monsterinsights_sitenote_active":false,"_monsterinsights_sitenote_note":"","_monsterinsights_sitenote_category":0,"jetpack_post_was_ever_published":false,"_jetpack_newsletter_access":"","_jetpack_dont_email_post_to_subs":false,"_jetpack_newsletter_tier_id":0,"_jetpack_memberships_contains_paywalled_content":false,"_jetpack_memberships_contains_paid_content":false,"footnotes":"","jetpack_publicize_message":"","jetpack_publicize_feature_enabled":true,"jetpack_social_post_already_shared":true,"jetpack_social_options":{"image_generator_settings":{"template":"highway","default_image_id":0,"font":"","enabled":false},"version":2},"_wpas_customize_per_network":false},"categories":[8],"tags":[4,16608,10859,2781],"class_list":["post-110708","post","type-post","status-publish","format-standard","has-post-thumbnail","hentry","category-sociedad","tag-anses","tag-bolsones-alimentarios","tag-pagos","tag-pami","generate-columns","tablet-grid-50","mobile-grid-100","grid-parent","grid-50"],"jetpack_publicize_connections":[],"jetpack_featured_media_url":"https:\/\/www.hoymercedes.com.ar\/principal\/wp-content\/uploads\/2020\/05\/15-calendario-PAMI.jpeg","wps_subtitle":"540 mil afiliados en el pa\u00eds","jetpack_sharing_enabled":true,"_links":{"self":[{"href":"https:\/\/www.hoymercedes.com.ar\/principal\/wp-json\/wp\/v2\/posts\/110708","targetHints":{"allow":["GET"]}}],"collection":[{"href":"https:\/\/www.hoymercedes.com.ar\/principal\/wp-json\/wp\/v2\/posts"}],"about":[{"href":"https:\/\/www.hoymercedes.com.ar\/principal\/wp-json\/wp\/v2\/types\/post"}],"author":[{"embeddable":true,"href":"https:\/\/www.hoymercedes.com.ar\/principal\/wp-json\/wp\/v2\/users\/1"}],"replies":[{"embeddable":true,"href":"https:\/\/www.hoymercedes.com.ar\/principal\/wp-json\/wp\/v2\/comments?post=110708"}],"version-history":[{"count":0,"href":"https:\/\/www.hoymercedes.com.ar\/principal\/wp-json\/wp\/v2\/posts\/110708\/revisions"}],"wp:featuredmedia":[{"embeddable":true,"href":"https:\/\/www.hoymercedes.com.ar\/principal\/wp-json\/wp\/v2\/media\/110709"}],"wp:attachment":[{"href":"https:\/\/www.hoymercedes.com.ar\/principal\/wp-json\/wp\/v2\/media?parent=110708"}],"wp:term":[{"taxonomy":"category","embeddable":true,"href":"https:\/\/www.hoymercedes.com.ar\/principal\/wp-json\/wp\/v2\/categories?post=110708"},{"taxonomy":"post_tag","embeddable":true,"href":"https:\/\/www.hoymercedes.com.ar\/principal\/wp-json\/wp\/v2\/tags?post=110708"}],"curies":[{"name":"wp","href":"https:\/\/api.w.org\/{rel}","templated":true}]}}