{"id":110717,"date":"2020-05-15T16:10:00","date_gmt":"2020-05-15T19:10:00","guid":{"rendered":"http:\/\/www.hoymercedes.com.ar\/principal\/?p=110717"},"modified":"2020-05-15T16:20:01","modified_gmt":"2020-05-15T19:20:01","slug":"adultos-mayores-reciben-acompanamiento-de-desarrollo-social-de-nacion","status":"publish","type":"post","link":"https:\/\/www.hoymercedes.com.ar\/principal\/2020\/05\/15\/adultos-mayores-reciben-acompanamiento-de-desarrollo-social-de-nacion\/","title":{"rendered":"Adultos mayores reciben acompa\u00f1amiento de Desarrollo Social de naci\u00f3n"},"content":{"rendered":"\n<p>Equipos del Centro de Referencia local del Ministerio de Desarrollo de Naci\u00f3n y la SENAF (Secretaria Nacional de Ni\u00f1ez, Adolescencia y Familia) que integran la mesa local de adultos mayores participan de la entrega de alimentos, viandas, medicamentos y recetas a noventa y seis adultos mayores de la ciudad. Tambi\u00e9n se acompa\u00f1a en la vacunaci\u00f3n antigripal.<\/p>\n\n\n\n<p>Ambos organismos nacionales desde el inicio del aislamiento social preventivo y obligatorio trabajan en la contenci\u00f3n de los adultos mayores que viven solos y no cuentan con familiares.<\/p>\n\n\n\n<p>Natalia Barsotti de la SENAF manifest\u00f3 que \u201ca partir de la conformaci\u00f3n de la mesa de adultos mayores, de la cual formamos parte desde su inicio en abril, se coordin\u00f3 entre las instituciones la atenci\u00f3n y acompa\u00f1amiento a las personas que viven solas. Estamos trabajando en veinti\u00fan barrios de la ciudad entregando bolsones de alimentos, viandas con comida, medicamentos y recetas. Tambi\u00e9n en el acompa\u00f1amiento en la vacunaci\u00f3n antigripal y el seguimiento diario de las necesidades de cada uno\u201d.<\/p>\n\n\n\n<p>El CDR y la SENAF integran la Mesa de gesti\u00f3n local de Adultos Mayores y trabajan en forma coordinada con direcci\u00f3n de Adultos Mayores de la municipalidad, PAMI, ANSES, IPS y DINAPAM.<\/p>\n\n\n\n<p><\/p>\n","protected":false},"excerpt":{"rendered":"<p>Equipos del Centro de Referencia local del Ministerio de Desarrollo de Naci\u00f3n y la SENAF (Secretaria Nacional de Ni\u00f1ez, Adolescencia &#8230; <a title=\"Adultos mayores reciben acompa\u00f1amiento de Desarrollo Social de naci\u00f3n\" class=\"read-more\" href=\"https:\/\/www.hoymercedes.com.ar\/principal\/2020\/05\/15\/adultos-mayores-reciben-acompanamiento-de-desarrollo-social-de-nacion\/\" aria-label=\"Leer m\u00e1s sobre Adultos mayores reciben acompa\u00f1amiento de Desarrollo Social de naci\u00f3n\">Leer m\u00e1s<\/a><\/p>\n","protected":false},"author":1,"featured_media":110721,"comment_status":"closed","ping_status":"open","sticky":false,"template":"","format":"standard","meta":{"_monsterinsights_skip_tracking":false,"_monsterinsights_sitenote_active":false,"_monsterinsights_sitenote_note":"","_monsterinsights_sitenote_category":0,"jetpack_post_was_ever_published":false,"_jetpack_newsletter_access":"","_jetpack_dont_email_post_to_subs":false,"_jetpack_newsletter_tier_id":0,"_jetpack_memberships_contains_paywalled_content":false,"_jetpack_memberships_contains_paid_content":false,"footnotes":"","jetpack_publicize_message":"","jetpack_publicize_feature_enabled":true,"jetpack_social_post_already_shared":false,"jetpack_social_options":{"image_generator_settings":{"template":"highway","default_image_id":0,"font":"","enabled":false},"version":2},"_wpas_customize_per_network":false},"categories":[8],"tags":[8752,8753,870],"class_list":["post-110717","post","type-post","status-publish","format-standard","has-post-thumbnail","hentry","category-sociedad","tag-adultos-mayores","tag-cdr","tag-desarrollo-social","generate-columns","tablet-grid-50","mobile-grid-100","grid-parent","grid-50"],"jetpack_publicize_connections":[],"jetpack_featured_media_url":"https:\/\/www.hoymercedes.com.ar\/principal\/wp-content\/uploads\/2020\/05\/15-CDR-Nat-Barsotti.jpg","wps_subtitle":"Durante la cuarentena","jetpack_sharing_enabled":true,"_links":{"self":[{"href":"https:\/\/www.hoymercedes.com.ar\/principal\/wp-json\/wp\/v2\/posts\/110717","targetHints":{"allow":["GET"]}}],"collection":[{"href":"https:\/\/www.hoymercedes.com.ar\/principal\/wp-json\/wp\/v2\/posts"}],"about":[{"href":"https:\/\/www.hoymercedes.com.ar\/principal\/wp-json\/wp\/v2\/types\/post"}],"author":[{"embeddable":true,"href":"https:\/\/www.hoymercedes.com.ar\/principal\/wp-json\/wp\/v2\/users\/1"}],"replies":[{"embeddable":true,"href":"https:\/\/www.hoymercedes.com.ar\/principal\/wp-json\/wp\/v2\/comments?post=110717"}],"version-history":[{"count":0,"href":"https:\/\/www.hoymercedes.com.ar\/principal\/wp-json\/wp\/v2\/posts\/110717\/revisions"}],"wp:featuredmedia":[{"embeddable":true,"href":"https:\/\/www.hoymercedes.com.ar\/principal\/wp-json\/wp\/v2\/media\/110721"}],"wp:attachment":[{"href":"https:\/\/www.hoymercedes.com.ar\/principal\/wp-json\/wp\/v2\/media?parent=110717"}],"wp:term":[{"taxonomy":"category","embeddable":true,"href":"https:\/\/www.hoymercedes.com.ar\/principal\/wp-json\/wp\/v2\/categories?post=110717"},{"taxonomy":"post_tag","embeddable":true,"href":"https:\/\/www.hoymercedes.com.ar\/principal\/wp-json\/wp\/v2\/tags?post=110717"}],"curies":[{"name":"wp","href":"https:\/\/api.w.org\/{rel}","templated":true}]}}