{"id":110724,"date":"2020-05-15T15:15:00","date_gmt":"2020-05-15T18:15:00","guid":{"rendered":"http:\/\/www.hoymercedes.com.ar\/principal\/?p=110724"},"modified":"2020-05-15T16:20:32","modified_gmt":"2020-05-15T19:20:32","slug":"el-reciclado-local-con-beneficios-ecologicos","status":"publish","type":"post","link":"https:\/\/www.hoymercedes.com.ar\/principal\/2020\/05\/15\/el-reciclado-local-con-beneficios-ecologicos\/","title":{"rendered":"El reciclado local con beneficios ecol\u00f3gicos"},"content":{"rendered":"\n<p>En materia de reducci\u00f3n y disminuci\u00f3n de basura, el reciclado es una pieza clave y por eso contin\u00faan con este trabajo los recicladores locales. Por estos d\u00edas m\u00e1s de 15 mil kilos de material reciclable (cart\u00f3n, pl\u00e1stico, papel y nylon) se enviaron a la Federaci\u00f3n Argentina de Cartoneros, Carreros y Recicladores. <\/p>\n\n\n\n<p>Esta tarea, que tiene como objetivo una ciudad m\u00e1s sustentable, fue llevada adelante por el Departamento de Ambiente de la Municipalidad de Mercedes junto a la subsecretar\u00eda de servicios p\u00fablicos y los recicladores pertenecientes al MTE.<\/p>\n\n\n\n<p>Los recicladores son actores econ\u00f3micos que desempe\u00f1an un servicio p\u00fablico fundamental. Estos recuperadores contribuyen tanto al desarrollo productivo como a la protecci\u00f3n del medioambiente. En este importarte hecho para la ciudad estuvo presente Mar\u00eda Castillo, directora nacional de pol\u00edticas de reciclado con inclusi\u00f3n social dependiente del Ministerio de Desarrollo Social de la Naci\u00f3n.<\/p>\n\n\n\n<p>\u201cPor primera vez logramos comerciar -sin intermediarios- todo el material recolectado en la ciudad, mismo que va directamente a la industria, generando de esta manera, mejores ingresos y mayor inclusi\u00f3n social\u201d se\u00f1al\u00f3 Maximiliano Melgar, responsable de MTE Mercedes.<\/p>\n\n\n\n<p>Estas cooperativas de recicladores tienen como objetivo reducir el volumen de residuos para que la disposici\u00f3n final de la basura sea la m\u00ednima, siendo este, uno de los motores que buscan como resultado una ciudad m\u00e1s sustentable.<\/p>\n\n\n\n<p>Fuente: Prensa Municipal<\/p>\n","protected":false},"excerpt":{"rendered":"<p>En materia de reducci\u00f3n y disminuci\u00f3n de basura, el reciclado es una pieza clave y por eso contin\u00faan con este &#8230; <a title=\"El reciclado local con beneficios ecol\u00f3gicos\" class=\"read-more\" href=\"https:\/\/www.hoymercedes.com.ar\/principal\/2020\/05\/15\/el-reciclado-local-con-beneficios-ecologicos\/\" aria-label=\"Leer m\u00e1s sobre El reciclado local con beneficios ecol\u00f3gicos\">Leer m\u00e1s<\/a><\/p>\n","protected":false},"author":1,"featured_media":110725,"comment_status":"closed","ping_status":"open","sticky":false,"template":"","format":"standard","meta":{"_monsterinsights_skip_tracking":false,"_monsterinsights_sitenote_active":false,"_monsterinsights_sitenote_note":"","_monsterinsights_sitenote_category":0,"jetpack_post_was_ever_published":false,"_jetpack_newsletter_access":"","_jetpack_dont_email_post_to_subs":false,"_jetpack_newsletter_tier_id":0,"_jetpack_memberships_contains_paywalled_content":false,"_jetpack_memberships_contains_paid_content":false,"footnotes":"","jetpack_publicize_message":"","jetpack_publicize_feature_enabled":true,"jetpack_social_post_already_shared":true,"jetpack_social_options":{"image_generator_settings":{"template":"highway","default_image_id":0,"font":"","enabled":false},"version":2},"_wpas_customize_per_network":false},"categories":[30],"tags":[244,16609],"class_list":["post-110724","post","type-post","status-publish","format-standard","has-post-thumbnail","hentry","category-municipio","tag-municipio-2","tag-reciclados","generate-columns","tablet-grid-50","mobile-grid-100","grid-parent","grid-50"],"jetpack_publicize_connections":[],"jetpack_featured_media_url":"https:\/\/www.hoymercedes.com.ar\/principal\/wp-content\/uploads\/2020\/05\/15-muni-reciclado.jpeg","wps_subtitle":"","jetpack_sharing_enabled":true,"_links":{"self":[{"href":"https:\/\/www.hoymercedes.com.ar\/principal\/wp-json\/wp\/v2\/posts\/110724","targetHints":{"allow":["GET"]}}],"collection":[{"href":"https:\/\/www.hoymercedes.com.ar\/principal\/wp-json\/wp\/v2\/posts"}],"about":[{"href":"https:\/\/www.hoymercedes.com.ar\/principal\/wp-json\/wp\/v2\/types\/post"}],"author":[{"embeddable":true,"href":"https:\/\/www.hoymercedes.com.ar\/principal\/wp-json\/wp\/v2\/users\/1"}],"replies":[{"embeddable":true,"href":"https:\/\/www.hoymercedes.com.ar\/principal\/wp-json\/wp\/v2\/comments?post=110724"}],"version-history":[{"count":0,"href":"https:\/\/www.hoymercedes.com.ar\/principal\/wp-json\/wp\/v2\/posts\/110724\/revisions"}],"wp:featuredmedia":[{"embeddable":true,"href":"https:\/\/www.hoymercedes.com.ar\/principal\/wp-json\/wp\/v2\/media\/110725"}],"wp:attachment":[{"href":"https:\/\/www.hoymercedes.com.ar\/principal\/wp-json\/wp\/v2\/media?parent=110724"}],"wp:term":[{"taxonomy":"category","embeddable":true,"href":"https:\/\/www.hoymercedes.com.ar\/principal\/wp-json\/wp\/v2\/categories?post=110724"},{"taxonomy":"post_tag","embeddable":true,"href":"https:\/\/www.hoymercedes.com.ar\/principal\/wp-json\/wp\/v2\/tags?post=110724"}],"curies":[{"name":"wp","href":"https:\/\/api.w.org\/{rel}","templated":true}]}}