{"id":110729,"date":"2020-05-15T18:10:00","date_gmt":"2020-05-15T21:10:00","guid":{"rendered":"http:\/\/www.hoymercedes.com.ar\/principal\/?p=110729"},"modified":"2020-05-15T18:21:13","modified_gmt":"2020-05-15T21:21:13","slug":"juntan-firmas-para-que-municipio-reanude-las-castraciones-y-vacunacion-de-animales","status":"publish","type":"post","link":"https:\/\/www.hoymercedes.com.ar\/principal\/2020\/05\/15\/juntan-firmas-para-que-municipio-reanude-las-castraciones-y-vacunacion-de-animales\/","title":{"rendered":"Juntan firmas para que Municipio reanude las castraciones y vacunaci\u00f3n de animales"},"content":{"rendered":"\n<p>Un grupo de proteccionistas de animales de Mercedes est\u00e1 juntando firmas de manera virtual solicit\u00e1ndoles al Municipio que reactive el servicio de castraci\u00f3n y vacunaci\u00f3n antirr\u00e1bica durante la cuarentena. M\u00e1s de 600 vecinos se sumaron a la petici\u00f3n. <\/p>\n\n\n\n<p>Con fecha del 27 de abril, se elev\u00f3 una petici\u00f3n por parte de un grupo de vecinos que ayudan a animales callejeros. A trav\u00e9s de la plataforma charge.org juntan firmas solicit\u00e1ndole al Intendente Juan Ignacio Ustarroz y al Veterinario Municipal Maximiliano Dicatarina que retomen el calendario de castraciones y vacunaci\u00f3n para animales de la ciudad. <\/p>\n\n\n\n<p>\u00abHace m\u00e1s de 15 d\u00edas que enviamos la petici\u00f3n. No tenemos respuesta. Muchos fuimos los que nos contactamos por privado con el veterinario municipal sin recibir respuesta alguna\u00bb, explican los proteccionistas.  <\/p>\n\n\n\n<p>\u00abEn los \u00faltimos a\u00f1os hemos sido favorecidos con el servicio p\u00fablico, por ende gratuito y para todos los habitantes del distrito, de castraciones y vacunaciones antirr\u00e1bicas en los diferentes barrios, servicio el que pretende el control de sobrepoblaci\u00f3n de animales dom\u00e9sticos y control de la erradicaci\u00f3n de la rabia, enfermedad zoon\u00f3tica. Teniendo en cuenta la medida de aislamiento social, preventivo y obligatorio de p\u00fablico conocimiento, que en un principio fue de 15 d\u00edas y luego se fue extendiendo, comprendimos la suspensi\u00f3n de dicho servicio\u00bb, agregan los vecinos firmantes en la petici\u00f3n. <\/p>\n\n\n\n<p>A lo que agregan que al pertenecer a la Secretar\u00eda de Salud, el servicio deber\u00eda seguir funcionando \u00absiguiendo todos los recaudos necesarios\u00bb. \u00abPedimos que se considere y se revea la situaci\u00f3n para poder continuar con este servicio y as\u00ed prevenir la sobrepoblaci\u00f3n animal. No contamos con espacio f\u00edsico para atender a los animales callejeros  y no todos los vecinos tienen el dinero para vacunar contra la rabia a sus animales. Nos preocupa los posibles problemas a futuro tales como: accidentes de Tr\u00e1nsito, enfermedades zoon\u00f3ticas, abandonos y colapso de la perrera municipal, sumado tambi\u00e9n no contar con un lugar para felinos\u00bb, agregan.<\/p>\n\n\n\n<p>El link para sumarse a la petici\u00f3n es este: <a rel=\"noreferrer noopener\" href=\"https:\/\/www.change.org\/p\/juani-ustarroz-servicio-de-castraci%C3%B3n-y-vacunaci%C3%B3n-antirr%C3%A1bica-durante-la-cuarentena?recruiter=1057428074&amp;utm_source=share_petition&amp;utm_medium=facebook&amp;utm_campaign=psf_combo_share_initial&amp;recruited_by_id=7a1d4ed0-6ad9-11ea-9697-791aefcc798a&amp;utm_content=fht-21896459-es-es%3Av5&amp;fbclid=IwAR0OW6NODP7iyIeUvXx06BtcCTCkMcgHJkKR5PBUWvq9-MB0iW8VhCiCoIE\" target=\"_blank\">hacer click aqu\u00ed<\/a>. <\/p>\n","protected":false},"excerpt":{"rendered":"<p>Un grupo de proteccionistas de animales de Mercedes est\u00e1 juntando firmas de manera virtual solicit\u00e1ndoles al Municipio que reactive el &#8230; <a title=\"Juntan firmas para que Municipio reanude las castraciones y vacunaci\u00f3n de animales\" class=\"read-more\" href=\"https:\/\/www.hoymercedes.com.ar\/principal\/2020\/05\/15\/juntan-firmas-para-que-municipio-reanude-las-castraciones-y-vacunacion-de-animales\/\" aria-label=\"Leer m\u00e1s sobre Juntan firmas para que Municipio reanude las castraciones y vacunaci\u00f3n de animales\">Leer m\u00e1s<\/a><\/p>\n","protected":false},"author":1,"featured_media":110730,"comment_status":"closed","ping_status":"open","sticky":false,"template":"","format":"standard","meta":{"_monsterinsights_skip_tracking":false,"_monsterinsights_sitenote_active":false,"_monsterinsights_sitenote_note":"","_monsterinsights_sitenote_category":0,"jetpack_post_was_ever_published":false,"_jetpack_newsletter_access":"","_jetpack_dont_email_post_to_subs":false,"_jetpack_newsletter_tier_id":0,"_jetpack_memberships_contains_paywalled_content":false,"_jetpack_memberships_contains_paid_content":false,"footnotes":"","jetpack_publicize_message":"","jetpack_publicize_feature_enabled":true,"jetpack_social_post_already_shared":false,"jetpack_social_options":{"image_generator_settings":{"template":"highway","default_image_id":0,"font":"","enabled":false},"version":2},"_wpas_customize_per_network":false},"categories":[8],"tags":[16612,244,16399,9865,12175],"class_list":["post-110729","post","type-post","status-publish","format-standard","has-post-thumbnail","hentry","category-sociedad","tag-castracion-y-vacunacion-antirrabica","tag-municipio-2","tag-peticion","tag-veterinaria-municipal","tag-zoonosis","generate-columns","tablet-grid-50","mobile-grid-100","grid-parent","grid-50"],"jetpack_publicize_connections":[],"jetpack_featured_media_url":"https:\/\/www.hoymercedes.com.ar\/principal\/wp-content\/uploads\/2020\/05\/15-perro-firma.jpg","wps_subtitle":"Petitorio para el \u00e1rea de zoonosis","jetpack_sharing_enabled":true,"_links":{"self":[{"href":"https:\/\/www.hoymercedes.com.ar\/principal\/wp-json\/wp\/v2\/posts\/110729","targetHints":{"allow":["GET"]}}],"collection":[{"href":"https:\/\/www.hoymercedes.com.ar\/principal\/wp-json\/wp\/v2\/posts"}],"about":[{"href":"https:\/\/www.hoymercedes.com.ar\/principal\/wp-json\/wp\/v2\/types\/post"}],"author":[{"embeddable":true,"href":"https:\/\/www.hoymercedes.com.ar\/principal\/wp-json\/wp\/v2\/users\/1"}],"replies":[{"embeddable":true,"href":"https:\/\/www.hoymercedes.com.ar\/principal\/wp-json\/wp\/v2\/comments?post=110729"}],"version-history":[{"count":0,"href":"https:\/\/www.hoymercedes.com.ar\/principal\/wp-json\/wp\/v2\/posts\/110729\/revisions"}],"wp:featuredmedia":[{"embeddable":true,"href":"https:\/\/www.hoymercedes.com.ar\/principal\/wp-json\/wp\/v2\/media\/110730"}],"wp:attachment":[{"href":"https:\/\/www.hoymercedes.com.ar\/principal\/wp-json\/wp\/v2\/media?parent=110729"}],"wp:term":[{"taxonomy":"category","embeddable":true,"href":"https:\/\/www.hoymercedes.com.ar\/principal\/wp-json\/wp\/v2\/categories?post=110729"},{"taxonomy":"post_tag","embeddable":true,"href":"https:\/\/www.hoymercedes.com.ar\/principal\/wp-json\/wp\/v2\/tags?post=110729"}],"curies":[{"name":"wp","href":"https:\/\/api.w.org\/{rel}","templated":true}]}}