{"id":110734,"date":"2020-05-15T19:00:00","date_gmt":"2020-05-15T22:00:00","guid":{"rendered":"http:\/\/www.hoymercedes.com.ar\/principal\/?p=110734"},"modified":"2020-05-15T18:30:28","modified_gmt":"2020-05-15T21:30:28","slug":"fiscalia-pide-la-detencion-del-escribano-aprehendido-por-homicidio","status":"publish","type":"post","link":"https:\/\/www.hoymercedes.com.ar\/principal\/2020\/05\/15\/fiscalia-pide-la-detencion-del-escribano-aprehendido-por-homicidio\/","title":{"rendered":"Fiscal\u00eda pide la detenci\u00f3n del escribano aprehendido por homicidio"},"content":{"rendered":"\n<p>La Fiscal\u00eda N\u00b0 10 de Luj\u00e1n dependiente de la Fiscal\u00eda General del Departamento Judicial Mercedes confirm\u00f3 el pedido realizado al Juzgado de Garant\u00eda N\u00b0 1 la conversi\u00f3n de la aprehensi\u00f3n en detenci\u00f3n del imputado Ricardo Baladia. El hombre de 56 a\u00f1os, de profesi\u00f3n escribano, quien fue aprehendido en horas de la noche del pasado 13 de mayo, en momentos en que intentaba descartar los restos de la v\u00edctima en el r\u00edo Luj\u00e1n. <\/p>\n\n\n\n<p>La Unidad Funcional de Instrucci\u00f3n N\u00ba 10, a cargo interinamente de la Dra. Mariana Su\u00e1rez, ha podido reconstruir los hechos del mi\u00e9rcoles \u00faltimo. De acuerdo a la informaci\u00f3n provista por la Fiscal\u00eda el imputado atac\u00f3 a la v\u00edctima en un domicilio de la localidad de Mor\u00f3n. De acuerdo a los datos aportados por la autopsia realizada en la Morgue Judicial de Chivilcoy en la jornada del jueves, le asest\u00f3 un puntazo con un cuchillo de un solo filo (tipo tramontina) que le provoc\u00f3 una herida en la zona del t\u00f3rax afectando vasos vitales y el \u00f3rgano del coraz\u00f3n, derivando en la muerte de la v\u00edctima. Posteriormente a ello, procedi\u00f3 al desmembramiento y habr\u00eda intentado ocultar las pruebas del crimen en el lugar del hecho, y descartar los restos en busca de su impunidad. Luego, se dirigi\u00f3 hasta la localidad de Luj\u00e1n, en un autom\u00f3vil BMW plateado.<\/p>\n\n\n\n<p>Alrededor de las 21 horas del mismo d\u00eda, un vecino dio aviso a la Secretar\u00eda de Seguridad del municipio al observar movimientos extra\u00f1os en un recreo a veras del r\u00edo cerca del puente Mitre. De inmediato se constituy\u00f3 en el lugar un m\u00f3vil policial que se encontr\u00f3 con el imputado, y parte de los restos de la v\u00edctima siendo que hab\u00eda logrado arrojar algunos miembros al r\u00edo. Fue aprehendido en la urgencia y puesto a disposici\u00f3n de la Unidad Funcional de Instrucci\u00f3n N.\u00ba 10 que imparti\u00f3 las directivas del caso. Del veh\u00edculo del imputado se secuestraron varios elementos de inter\u00e9s para la investigaci\u00f3n, y un DNI que podr\u00eda pertenecer a la presunta v\u00edctima, y fue llevado a la Comisar\u00eda Luj\u00e1n Primera, donde permanece.<\/p>\n\n\n\n<p>Durante la jornada del jueves se procedi\u00f3 a realizar un rastrillaje de b\u00fasqueda en las aguas del r\u00edo para recuperar los restos de la v\u00edctima, y se efectuaron dos allanamientos \u2013dispuestos por la fiscal actuante en el marco de las facultades que le son propias &#8211; en una escriban\u00eda y un domicilio particular en la localidad de Mor\u00f3n donde se recuperaron varios elementos vinculados con la causa.<\/p>\n\n\n\n<p>Ya en horas de la tarde noche, se practic\u00f3 la autopsia a la v\u00edctima, logrando establecerse la causal del deceso a la vez que arroj\u00f3 datos de inter\u00e9s para los investigadores.<\/p>\n\n\n\n<p>Por el delito de \u201cHomicidio simple\u201d compareci\u00f3 ante la fiscal a cargo en el marco de la audiencia de declaraci\u00f3n en los t\u00e9rminos del art. 308 del C\u00f3digo Procesal Penal en la jornada del viernes, con asistencia de letrado particular. No obstante, el acusado se neg\u00f3 a declarar. <\/p>\n\n\n\n<p>Fuente: Ministerio P\u00fablico Fiscal Bonaerense &#8211; Depto. Judicial Mercedes<\/p>\n","protected":false},"excerpt":{"rendered":"<p>La Fiscal\u00eda N\u00b0 10 de Luj\u00e1n dependiente de la Fiscal\u00eda General del Departamento Judicial Mercedes confirm\u00f3 el pedido realizado al &#8230; <a title=\"Fiscal\u00eda pide la detenci\u00f3n del escribano aprehendido por homicidio\" class=\"read-more\" href=\"https:\/\/www.hoymercedes.com.ar\/principal\/2020\/05\/15\/fiscalia-pide-la-detencion-del-escribano-aprehendido-por-homicidio\/\" aria-label=\"Leer m\u00e1s sobre Fiscal\u00eda pide la detenci\u00f3n del escribano aprehendido por homicidio\">Leer m\u00e1s<\/a><\/p>\n","protected":false},"author":1,"featured_media":110652,"comment_status":"closed","ping_status":"open","sticky":false,"template":"","format":"standard","meta":{"_monsterinsights_skip_tracking":false,"_monsterinsights_sitenote_active":false,"_monsterinsights_sitenote_note":"","_monsterinsights_sitenote_category":0,"jetpack_post_was_ever_published":false,"_jetpack_newsletter_access":"","_jetpack_dont_email_post_to_subs":false,"_jetpack_newsletter_tier_id":0,"_jetpack_memberships_contains_paywalled_content":false,"_jetpack_memberships_contains_paid_content":false,"footnotes":"","jetpack_publicize_message":"","jetpack_publicize_feature_enabled":true,"jetpack_social_post_already_shared":true,"jetpack_social_options":{"image_generator_settings":{"template":"highway","default_image_id":0,"font":"","enabled":false},"version":2},"_wpas_customize_per_network":false},"categories":[85],"tags":[10581,9351,86,96],"class_list":["post-110734","post","type-post","status-publish","format-standard","has-post-thumbnail","hentry","category-policial","tag-fiscalia","tag-homicidio","tag-lujan","tag-policial-2","generate-columns","tablet-grid-50","mobile-grid-100","grid-parent","grid-50"],"jetpack_publicize_connections":[],"jetpack_featured_media_url":"https:\/\/www.hoymercedes.com.ar\/principal\/wp-content\/uploads\/2020\/05\/detenido-lujan_edited.jpg","wps_subtitle":"Informe oficial","jetpack_sharing_enabled":true,"_links":{"self":[{"href":"https:\/\/www.hoymercedes.com.ar\/principal\/wp-json\/wp\/v2\/posts\/110734","targetHints":{"allow":["GET"]}}],"collection":[{"href":"https:\/\/www.hoymercedes.com.ar\/principal\/wp-json\/wp\/v2\/posts"}],"about":[{"href":"https:\/\/www.hoymercedes.com.ar\/principal\/wp-json\/wp\/v2\/types\/post"}],"author":[{"embeddable":true,"href":"https:\/\/www.hoymercedes.com.ar\/principal\/wp-json\/wp\/v2\/users\/1"}],"replies":[{"embeddable":true,"href":"https:\/\/www.hoymercedes.com.ar\/principal\/wp-json\/wp\/v2\/comments?post=110734"}],"version-history":[{"count":0,"href":"https:\/\/www.hoymercedes.com.ar\/principal\/wp-json\/wp\/v2\/posts\/110734\/revisions"}],"wp:featuredmedia":[{"embeddable":true,"href":"https:\/\/www.hoymercedes.com.ar\/principal\/wp-json\/wp\/v2\/media\/110652"}],"wp:attachment":[{"href":"https:\/\/www.hoymercedes.com.ar\/principal\/wp-json\/wp\/v2\/media?parent=110734"}],"wp:term":[{"taxonomy":"category","embeddable":true,"href":"https:\/\/www.hoymercedes.com.ar\/principal\/wp-json\/wp\/v2\/categories?post=110734"},{"taxonomy":"post_tag","embeddable":true,"href":"https:\/\/www.hoymercedes.com.ar\/principal\/wp-json\/wp\/v2\/tags?post=110734"}],"curies":[{"name":"wp","href":"https:\/\/api.w.org\/{rel}","templated":true}]}}