{"id":110743,"date":"2020-05-16T07:38:00","date_gmt":"2020-05-16T10:38:00","guid":{"rendered":"http:\/\/www.hoymercedes.com.ar\/principal\/?p=110743"},"modified":"2020-05-15T18:48:22","modified_gmt":"2020-05-15T21:48:22","slug":"servicios-publicos-sigue-con-el-mantenimiento-de-espacios-publicos","status":"publish","type":"post","link":"https:\/\/www.hoymercedes.com.ar\/principal\/2020\/05\/16\/servicios-publicos-sigue-con-el-mantenimiento-de-espacios-publicos\/","title":{"rendered":"Servicios P\u00fablicos sigue con el mantenimiento de espacios p\u00fablicos"},"content":{"rendered":"\n<p>Por Prensa Municipal &#8211; La Municipalidad de Mercedes a trav\u00e9s del \u00e1rea de Servicios p\u00fablicos viene efectuando trabajos de mantenimiento y limpieza de los distintos espacios verdes de la ciudad. De esta manera no s\u00f3lo se apunta al embellecimiento de estos espacios, sino que adem\u00e1s, se trabaja en la prevenci\u00f3n de la propagaci\u00f3n del mosquito que transmite el dengue.<\/p>\n\n\n\n<p>Conjuntamente, se realizan peri\u00f3dicamente tareas de desmalezamiento y fumigaci\u00f3n en plazas de distintos barrios. Estas acciones se realizan con guardias m\u00ednimas, teniendo en cuenta todas las normas de prevenci\u00f3n del Coronavirus (COVID-19).<\/p>\n\n\n\n<p><strong>Llamado a la responsabilidad ciudadana<\/strong><\/p>\n\n\n\n<p>Por otra parte, desde la Municipalidad de Mercedes se pide a los vecinos evitar sacar ramas, pasto y escombros ya que en el marco de la emergencia sanitaria est\u00e1 suspendida dicha recolecci\u00f3n.<\/p>\n\n\n\n<p>\u201cCuidemos la limpieza de la ciudad entre todos y cuidemos tambi\u00e9n a nuestros trabajadores municipales, todos podemos colaborar desde el lugar que nos toca\u201d manifestaron desde el \u00e1rea municipal.<\/p>\n\n\n\n<p><\/p>\n","protected":false},"excerpt":{"rendered":"<p>Por Prensa Municipal &#8211; La Municipalidad de Mercedes a trav\u00e9s del \u00e1rea de Servicios p\u00fablicos viene efectuando trabajos de mantenimiento &#8230; <a title=\"Servicios P\u00fablicos sigue con el mantenimiento de espacios p\u00fablicos\" class=\"read-more\" href=\"https:\/\/www.hoymercedes.com.ar\/principal\/2020\/05\/16\/servicios-publicos-sigue-con-el-mantenimiento-de-espacios-publicos\/\" aria-label=\"Leer m\u00e1s sobre Servicios P\u00fablicos sigue con el mantenimiento de espacios p\u00fablicos\">Leer m\u00e1s<\/a><\/p>\n","protected":false},"author":1,"featured_media":110744,"comment_status":"closed","ping_status":"open","sticky":false,"template":"","format":"standard","meta":{"_monsterinsights_skip_tracking":false,"_monsterinsights_sitenote_active":false,"_monsterinsights_sitenote_note":"","_monsterinsights_sitenote_category":0,"jetpack_post_was_ever_published":false,"_jetpack_newsletter_access":"","_jetpack_dont_email_post_to_subs":false,"_jetpack_newsletter_tier_id":0,"_jetpack_memberships_contains_paywalled_content":false,"_jetpack_memberships_contains_paid_content":false,"footnotes":"","jetpack_publicize_message":"","jetpack_publicize_feature_enabled":true,"jetpack_social_post_already_shared":true,"jetpack_social_options":{"image_generator_settings":{"template":"highway","default_image_id":0,"font":"","enabled":false},"version":2},"_wpas_customize_per_network":false},"categories":[30],"tags":[6798,244,8628],"class_list":["post-110743","post","type-post","status-publish","format-standard","has-post-thumbnail","hentry","category-municipio","tag-limpieza","tag-municipio-2","tag-servicios-publicos","generate-columns","tablet-grid-50","mobile-grid-100","grid-parent","grid-50"],"jetpack_publicize_connections":[],"jetpack_featured_media_url":"https:\/\/www.hoymercedes.com.ar\/principal\/wp-content\/uploads\/2020\/05\/15-muni-servicio-publicos.jpg","wps_subtitle":"Limpieza en espacios p\u00fablicos","jetpack_sharing_enabled":true,"_links":{"self":[{"href":"https:\/\/www.hoymercedes.com.ar\/principal\/wp-json\/wp\/v2\/posts\/110743","targetHints":{"allow":["GET"]}}],"collection":[{"href":"https:\/\/www.hoymercedes.com.ar\/principal\/wp-json\/wp\/v2\/posts"}],"about":[{"href":"https:\/\/www.hoymercedes.com.ar\/principal\/wp-json\/wp\/v2\/types\/post"}],"author":[{"embeddable":true,"href":"https:\/\/www.hoymercedes.com.ar\/principal\/wp-json\/wp\/v2\/users\/1"}],"replies":[{"embeddable":true,"href":"https:\/\/www.hoymercedes.com.ar\/principal\/wp-json\/wp\/v2\/comments?post=110743"}],"version-history":[{"count":0,"href":"https:\/\/www.hoymercedes.com.ar\/principal\/wp-json\/wp\/v2\/posts\/110743\/revisions"}],"wp:featuredmedia":[{"embeddable":true,"href":"https:\/\/www.hoymercedes.com.ar\/principal\/wp-json\/wp\/v2\/media\/110744"}],"wp:attachment":[{"href":"https:\/\/www.hoymercedes.com.ar\/principal\/wp-json\/wp\/v2\/media?parent=110743"}],"wp:term":[{"taxonomy":"category","embeddable":true,"href":"https:\/\/www.hoymercedes.com.ar\/principal\/wp-json\/wp\/v2\/categories?post=110743"},{"taxonomy":"post_tag","embeddable":true,"href":"https:\/\/www.hoymercedes.com.ar\/principal\/wp-json\/wp\/v2\/tags?post=110743"}],"curies":[{"name":"wp","href":"https:\/\/api.w.org\/{rel}","templated":true}]}}