{"id":110749,"date":"2020-05-15T22:52:47","date_gmt":"2020-05-16T01:52:47","guid":{"rendered":"http:\/\/www.hoymercedes.com.ar\/principal\/?p=110749"},"modified":"2020-05-15T22:52:52","modified_gmt":"2020-05-16T01:52:52","slug":"coronavirus-mas-casos-en-estudios-en-mercedes","status":"publish","type":"post","link":"https:\/\/www.hoymercedes.com.ar\/principal\/2020\/05\/15\/coronavirus-mas-casos-en-estudios-en-mercedes\/","title":{"rendered":"Coronavirus: m\u00e1s casos en estudios en Mercedes"},"content":{"rendered":"\n<p>Dos nuevos pacientes esperan los resultados de sus estudios por Covid-19. Mientras tanto, cinco casos m\u00e1s fueron desechados por el Laboratorio de Virolog\u00eda Molecular. <\/p>\n\n\n\n<p>La informaci\u00f3n del cierre del d\u00eda enviada oficialmente da cuenta de dos casos en estudio. Uno en el Hosptial Blas L. Dubarry y uno en Cl\u00ednica Nueva Cruz Azul. Y en total se descartaron 14 casos por el Laboratorio de Virolog\u00eda Molecular.<\/p>\n\n\n\n<p>A estos dos \u00a0casos se le suman nueve vecinos que son seguidos por la Scretar\u00eda de Salud por haber regresado de viaje al exterior o ser familiar del viajante.\u00a0<\/p>\n\n\n\n<p>En el \u00e1mbito nacional hoy fueron confirmados 345 nuevos casos de COVID-19. Con estos registros, suman 7.479 positivos en el pa\u00eds. Del total de esos casos, 937 (12,5%) son importados, 3.367 (45%) son contactos estrechos de casos confirmados, 2.272 (30,4%) son casos de circulaci\u00f3n comunitaria y el resto se encuentra en investigaci\u00f3n epidemiol\u00f3gica.<\/p>\n\n\n\n<p>Se registraron 3 nuevas muertes. Tres hombres, dos de 90, y 68 a\u00f1os, residentes en la provincia de Buenos Aires; y otro de 58 a\u00f1os, residente en la provincia de Chaco. Al momento la cantidad de personas fallecidas es 356.<\/p>\n\n\n\n<p><\/p>\n","protected":false},"excerpt":{"rendered":"<p>Dos nuevos pacientes esperan los resultados de sus estudios por Covid-19. Mientras tanto, cinco casos m\u00e1s fueron desechados por el &#8230; <a title=\"Coronavirus: m\u00e1s casos en estudios en Mercedes\" class=\"read-more\" href=\"https:\/\/www.hoymercedes.com.ar\/principal\/2020\/05\/15\/coronavirus-mas-casos-en-estudios-en-mercedes\/\" aria-label=\"Leer m\u00e1s sobre Coronavirus: m\u00e1s casos en estudios en Mercedes\">Leer m\u00e1s<\/a><\/p>\n","protected":false},"author":1,"featured_media":110750,"comment_status":"closed","ping_status":"open","sticky":false,"template":"","format":"standard","meta":{"_monsterinsights_skip_tracking":false,"_monsterinsights_sitenote_active":false,"_monsterinsights_sitenote_note":"","_monsterinsights_sitenote_category":0,"jetpack_post_was_ever_published":false,"_jetpack_newsletter_access":"","_jetpack_dont_email_post_to_subs":false,"_jetpack_newsletter_tier_id":0,"_jetpack_memberships_contains_paywalled_content":false,"_jetpack_memberships_contains_paid_content":false,"footnotes":"","jetpack_publicize_message":"","jetpack_publicize_feature_enabled":true,"jetpack_social_post_already_shared":true,"jetpack_social_options":{"image_generator_settings":{"template":"highway","default_image_id":0,"font":"","enabled":false},"version":2},"_wpas_customize_per_network":false},"categories":[9791],"tags":[],"class_list":["post-110749","post","type-post","status-publish","format-standard","has-post-thumbnail","hentry","category-salud","generate-columns","tablet-grid-50","mobile-grid-100","grid-parent","grid-50"],"jetpack_publicize_connections":[],"jetpack_featured_media_url":"https:\/\/www.hoymercedes.com.ar\/principal\/wp-content\/uploads\/2020\/05\/IMG-20200515-WA0043.jpg","wps_subtitle":"","jetpack_sharing_enabled":true,"_links":{"self":[{"href":"https:\/\/www.hoymercedes.com.ar\/principal\/wp-json\/wp\/v2\/posts\/110749","targetHints":{"allow":["GET"]}}],"collection":[{"href":"https:\/\/www.hoymercedes.com.ar\/principal\/wp-json\/wp\/v2\/posts"}],"about":[{"href":"https:\/\/www.hoymercedes.com.ar\/principal\/wp-json\/wp\/v2\/types\/post"}],"author":[{"embeddable":true,"href":"https:\/\/www.hoymercedes.com.ar\/principal\/wp-json\/wp\/v2\/users\/1"}],"replies":[{"embeddable":true,"href":"https:\/\/www.hoymercedes.com.ar\/principal\/wp-json\/wp\/v2\/comments?post=110749"}],"version-history":[{"count":0,"href":"https:\/\/www.hoymercedes.com.ar\/principal\/wp-json\/wp\/v2\/posts\/110749\/revisions"}],"wp:featuredmedia":[{"embeddable":true,"href":"https:\/\/www.hoymercedes.com.ar\/principal\/wp-json\/wp\/v2\/media\/110750"}],"wp:attachment":[{"href":"https:\/\/www.hoymercedes.com.ar\/principal\/wp-json\/wp\/v2\/media?parent=110749"}],"wp:term":[{"taxonomy":"category","embeddable":true,"href":"https:\/\/www.hoymercedes.com.ar\/principal\/wp-json\/wp\/v2\/categories?post=110749"},{"taxonomy":"post_tag","embeddable":true,"href":"https:\/\/www.hoymercedes.com.ar\/principal\/wp-json\/wp\/v2\/tags?post=110749"}],"curies":[{"name":"wp","href":"https:\/\/api.w.org\/{rel}","templated":true}]}}