{"id":110758,"date":"2020-05-16T12:23:34","date_gmt":"2020-05-16T15:23:34","guid":{"rendered":"http:\/\/www.hoymercedes.com.ar\/principal\/?p=110758"},"modified":"2020-05-16T15:07:52","modified_gmt":"2020-05-16T18:07:52","slug":"extensas-colas-en-la-distribuidora-de-cigarrillos","status":"publish","type":"post","link":"https:\/\/www.hoymercedes.com.ar\/principal\/2020\/05\/16\/extensas-colas-en-la-distribuidora-de-cigarrillos\/","title":{"rendered":"Extensas colas en la distribuidora de cigarrillos"},"content":{"rendered":"\n<p>La falta de cigarrillos en el pa\u00eds porque la producci\u00f3n de las tabacaleras no est\u00e1 habilitada produce que mucha gente haga largas filas para comprar los \u00faltimos atados o tabaco suelto en los kiosko y que prolifere la venta de cigarrillos a trav\u00e9s de las redes sociales. <\/p>\n\n\n\n<p>Este s\u00e1bado, la extensa fila se vio en la distribuidora de atados de cigarrillos. Comerciantes de distintas ciudades llevaban m\u00e1s de tres horas esperando a ser atendidos en el local de calle 26. Filas que llegaban a la esquina y doblaba extendi\u00e9ndose por calle 41. <\/p>\n\n\n\n<p>Con la distancia entre uno y otro, entrando al local de una persona, hay restricciones en la entrega. Hasta siete cartones puede llevarse cada uno. Pudo verse personas de las localidades de San Andr\u00e9s de Giles, Suipacha, Lobos y Navarro. M\u00e1s de tres horas esperan para la atenci\u00f3n que le permitir\u00e1 abastecer sus comercios. <\/p>\n\n\n\n<p>Colaboraci\u00f3n: Pedro Caramelo de la productora Milenio Media (<a href=\"https:\/\/www.facebook.com\/tvlocal.com.ar\/\" target=\"_blank\" rel=\"noreferrer noopener\">TV Local<\/a>) y Carolina Galeano<\/p>\n\n\n\n<div class=\"wp-block-jetpack-slideshow aligncenter\" data-effect=\"slide\"><div class=\"wp-block-jetpack-slideshow_container swiper-container\"><ul class=\"wp-block-jetpack-slideshow_swiper-wrapper swiper-wrapper\"><li class=\"wp-block-jetpack-slideshow_slide swiper-slide\"><figure><img loading=\"lazy\" decoding=\"async\" width=\"800\" height=\"533\" alt=\"\" class=\"wp-block-jetpack-slideshow_image wp-image-110760\" data-id=\"110760\" src=\"https:\/\/www.hoymercedes.com.ar\/principal\/wp-content\/uploads\/2020\/05\/16-puchos-2-1.jpeg\"\/><\/figure><\/li><li class=\"wp-block-jetpack-slideshow_slide swiper-slide\"><figure><img loading=\"lazy\" decoding=\"async\" width=\"800\" height=\"533\" alt=\"\" class=\"wp-block-jetpack-slideshow_image wp-image-110762\" data-id=\"110762\" src=\"https:\/\/www.hoymercedes.com.ar\/principal\/wp-content\/uploads\/2020\/05\/16-puchos-2-3.jpeg\"\/><\/figure><\/li><li class=\"wp-block-jetpack-slideshow_slide swiper-slide\"><figure><img loading=\"lazy\" decoding=\"async\" width=\"800\" height=\"448\" alt=\"\" class=\"wp-block-jetpack-slideshow_image wp-image-110761\" data-id=\"110761\" src=\"https:\/\/www.hoymercedes.com.ar\/principal\/wp-content\/uploads\/2020\/05\/16-puchos-2-2.jpeg\"\/><\/figure><\/li><li class=\"wp-block-jetpack-slideshow_slide swiper-slide\"><figure><img loading=\"lazy\" decoding=\"async\" width=\"757\" height=\"505\" alt=\"\" class=\"wp-block-jetpack-slideshow_image wp-image-110759\" data-id=\"110759\" src=\"https:\/\/www.hoymercedes.com.ar\/principal\/wp-content\/uploads\/2020\/05\/16-puchos-1.jpg\"\/><\/figure><\/li><\/ul><a class=\"wp-block-jetpack-slideshow_button-prev swiper-button-prev swiper-button-white\" role=\"button\"><\/a><a class=\"wp-block-jetpack-slideshow_button-next swiper-button-next swiper-button-white\" role=\"button\"><\/a><a aria-label=\"Pause Slideshow\" class=\"wp-block-jetpack-slideshow_button-pause\" role=\"button\"><\/a><div class=\"wp-block-jetpack-slideshow_pagination swiper-pagination swiper-pagination-white\"><\/div><\/div><\/div>\n","protected":false},"excerpt":{"rendered":"<p>La falta de cigarrillos en el pa\u00eds porque la producci\u00f3n de las tabacaleras no est\u00e1 habilitada produce que mucha gente &#8230; <a title=\"Extensas colas en la distribuidora de cigarrillos\" class=\"read-more\" href=\"https:\/\/www.hoymercedes.com.ar\/principal\/2020\/05\/16\/extensas-colas-en-la-distribuidora-de-cigarrillos\/\" aria-label=\"Leer m\u00e1s sobre Extensas colas en la distribuidora de cigarrillos\">Leer m\u00e1s<\/a><\/p>\n","protected":false},"author":1,"featured_media":110762,"comment_status":"closed","ping_status":"open","sticky":false,"template":"","format":"standard","meta":{"_monsterinsights_skip_tracking":false,"_monsterinsights_sitenote_active":false,"_monsterinsights_sitenote_note":"","_monsterinsights_sitenote_category":0,"jetpack_post_was_ever_published":false,"_jetpack_newsletter_access":"","_jetpack_dont_email_post_to_subs":false,"_jetpack_newsletter_tier_id":0,"_jetpack_memberships_contains_paywalled_content":false,"_jetpack_memberships_contains_paid_content":false,"footnotes":"","jetpack_publicize_message":"","jetpack_publicize_feature_enabled":true,"jetpack_social_post_already_shared":true,"jetpack_social_options":{"image_generator_settings":{"template":"highway","default_image_id":0,"font":"","enabled":false},"version":2},"_wpas_customize_per_network":false},"categories":[8],"tags":[16615,13069,16361],"class_list":["post-110758","post","type-post","status-publish","format-standard","has-post-thumbnail","hentry","category-sociedad","tag-cigarrillos","tag-comercios","tag-cuarentena","generate-columns","tablet-grid-50","mobile-grid-100","grid-parent","grid-50"],"jetpack_publicize_connections":[],"jetpack_featured_media_url":"https:\/\/www.hoymercedes.com.ar\/principal\/wp-content\/uploads\/2020\/05\/16-puchos-2-3.jpeg","wps_subtitle":"Kioskeros a la espera de atenci\u00f3n","jetpack_sharing_enabled":true,"_links":{"self":[{"href":"https:\/\/www.hoymercedes.com.ar\/principal\/wp-json\/wp\/v2\/posts\/110758","targetHints":{"allow":["GET"]}}],"collection":[{"href":"https:\/\/www.hoymercedes.com.ar\/principal\/wp-json\/wp\/v2\/posts"}],"about":[{"href":"https:\/\/www.hoymercedes.com.ar\/principal\/wp-json\/wp\/v2\/types\/post"}],"author":[{"embeddable":true,"href":"https:\/\/www.hoymercedes.com.ar\/principal\/wp-json\/wp\/v2\/users\/1"}],"replies":[{"embeddable":true,"href":"https:\/\/www.hoymercedes.com.ar\/principal\/wp-json\/wp\/v2\/comments?post=110758"}],"version-history":[{"count":0,"href":"https:\/\/www.hoymercedes.com.ar\/principal\/wp-json\/wp\/v2\/posts\/110758\/revisions"}],"wp:featuredmedia":[{"embeddable":true,"href":"https:\/\/www.hoymercedes.com.ar\/principal\/wp-json\/wp\/v2\/media\/110762"}],"wp:attachment":[{"href":"https:\/\/www.hoymercedes.com.ar\/principal\/wp-json\/wp\/v2\/media?parent=110758"}],"wp:term":[{"taxonomy":"category","embeddable":true,"href":"https:\/\/www.hoymercedes.com.ar\/principal\/wp-json\/wp\/v2\/categories?post=110758"},{"taxonomy":"post_tag","embeddable":true,"href":"https:\/\/www.hoymercedes.com.ar\/principal\/wp-json\/wp\/v2\/tags?post=110758"}],"curies":[{"name":"wp","href":"https:\/\/api.w.org\/{rel}","templated":true}]}}