{"id":110808,"date":"2020-05-17T16:13:11","date_gmt":"2020-05-17T19:13:11","guid":{"rendered":"http:\/\/www.hoymercedes.com.ar\/principal\/?p=110808"},"modified":"2020-05-17T22:06:44","modified_gmt":"2020-05-18T01:06:44","slug":"coronavirus-que-se-puede-hacer-y-que-no-en-cada-localidad-bonaerense","status":"publish","type":"post","link":"https:\/\/www.hoymercedes.com.ar\/principal\/2020\/05\/17\/coronavirus-que-se-puede-hacer-y-que-no-en-cada-localidad-bonaerense\/","title":{"rendered":"Coronavirus: qu\u00e9 se puede hacer y qu\u00e9 no en cada localidad bonaerense"},"content":{"rendered":"\n<p>Desde la oficina central del Defensor del Pueblo de la provincia se elabor\u00f3 un sistema de informaci\u00f3n que se actualiza d\u00eda a d\u00eda sobre cu\u00e1les son las actividades y servicios que se permiten desarrollar en cada localidad bonaerense.<\/p>\n\n\n\n<p>La Defensor\u00eda del Pueblo bonaerense elabor\u00f3 un mapa interactivo que actualiza d\u00eda a d\u00eda la informaci\u00f3n sobre las actividades habilitadas en cada uno de los municipios de la Provincia en medio del aislamiento social, preventivo y obligatorio dispuesto debido al coronavirus.<\/p>\n\n\n\n<p>Haciendo click en cada uno de los distritos podr\u00e1s encontrar datos detallados sobre qu\u00e9 sucede en tu ciudad.\u00a0Entre la informaci\u00f3n que encontrar\u00e1s en este mapa interactivo figuran el estado de las actividades y servicios autorizados para que comiencen a funcionar, como el de los comercios de venta por mayor y menor; los servicios profesionales (abogados, contadores y escribanos, etc); las inmobiliarias; la construcci\u00f3n, lo servicios de salud; veterinarias; industrias, etc.<\/p>\n\n\n\n<p>La actualizaci\u00f3n del mapa se realiza seg\u00fan los datos publicados en el Bolet\u00edn Oficial de la Provincia. Hay que ingresar al mapa\u00a0<a href=\"https:\/\/defensorba.org.ar\/#delegaciones\" target=\"_blank\" rel=\"noopener\">https:\/\/defensorba.org.ar\/#delegaciones<\/a><\/p>\n\n\n\n<p>\uf0b7 Se accede tildando la capa COVID-19 <br>\uf0b7 Se accede a cada Partido para visualizar las actividades Permitidas\/Liberadas<br>\uf0b7 Se informa la fecha de actualizaci\u00f3n de cada Partido.<br>\uf0b7 En los casos que no se detallen actividades Permitidas y\/o liberadas en esta Etapa, se hace<br>menci\u00f3n a: Decisi\u00f3n Administrativa 524\/2020, Decreto Nacional 459\/2020 y Decreto Provincial 340\/2020.<\/p>\n","protected":false},"excerpt":{"rendered":"<p>Desde la oficina central del Defensor del Pueblo de la provincia se elabor\u00f3 un sistema de informaci\u00f3n que se actualiza &#8230; <a title=\"Coronavirus: qu\u00e9 se puede hacer y qu\u00e9 no en cada localidad bonaerense\" class=\"read-more\" href=\"https:\/\/www.hoymercedes.com.ar\/principal\/2020\/05\/17\/coronavirus-que-se-puede-hacer-y-que-no-en-cada-localidad-bonaerense\/\" aria-label=\"Leer m\u00e1s sobre Coronavirus: qu\u00e9 se puede hacer y qu\u00e9 no en cada localidad bonaerense\">Leer m\u00e1s<\/a><\/p>\n","protected":false},"author":1,"featured_media":110809,"comment_status":"closed","ping_status":"open","sticky":false,"template":"","format":"standard","meta":{"_monsterinsights_skip_tracking":false,"_monsterinsights_sitenote_active":false,"_monsterinsights_sitenote_note":"","_monsterinsights_sitenote_category":0,"jetpack_post_was_ever_published":false,"_jetpack_newsletter_access":"","_jetpack_dont_email_post_to_subs":false,"_jetpack_newsletter_tier_id":0,"_jetpack_memberships_contains_paywalled_content":false,"_jetpack_memberships_contains_paid_content":false,"footnotes":"","jetpack_publicize_message":"","jetpack_publicize_feature_enabled":true,"jetpack_social_post_already_shared":true,"jetpack_social_options":{"image_generator_settings":{"template":"highway","default_image_id":0,"font":"","enabled":false},"version":2},"_wpas_customize_per_network":false},"categories":[8881],"tags":[16417,16175,16313,9284,10633,1803],"class_list":["post-110808","post","type-post","status-publish","format-standard","has-post-thumbnail","hentry","category-provincia","tag-aislamiento","tag-coronavirus","tag-covid-19","tag-defensor-del-pueblo","tag-informe","tag-provincia","generate-columns","tablet-grid-50","mobile-grid-100","grid-parent","grid-50"],"jetpack_publicize_connections":[],"jetpack_featured_media_url":"https:\/\/www.hoymercedes.com.ar\/principal\/wp-content\/uploads\/2020\/05\/17-defensor-mapa.jpg","wps_subtitle":"","jetpack_sharing_enabled":true,"_links":{"self":[{"href":"https:\/\/www.hoymercedes.com.ar\/principal\/wp-json\/wp\/v2\/posts\/110808","targetHints":{"allow":["GET"]}}],"collection":[{"href":"https:\/\/www.hoymercedes.com.ar\/principal\/wp-json\/wp\/v2\/posts"}],"about":[{"href":"https:\/\/www.hoymercedes.com.ar\/principal\/wp-json\/wp\/v2\/types\/post"}],"author":[{"embeddable":true,"href":"https:\/\/www.hoymercedes.com.ar\/principal\/wp-json\/wp\/v2\/users\/1"}],"replies":[{"embeddable":true,"href":"https:\/\/www.hoymercedes.com.ar\/principal\/wp-json\/wp\/v2\/comments?post=110808"}],"version-history":[{"count":0,"href":"https:\/\/www.hoymercedes.com.ar\/principal\/wp-json\/wp\/v2\/posts\/110808\/revisions"}],"wp:featuredmedia":[{"embeddable":true,"href":"https:\/\/www.hoymercedes.com.ar\/principal\/wp-json\/wp\/v2\/media\/110809"}],"wp:attachment":[{"href":"https:\/\/www.hoymercedes.com.ar\/principal\/wp-json\/wp\/v2\/media?parent=110808"}],"wp:term":[{"taxonomy":"category","embeddable":true,"href":"https:\/\/www.hoymercedes.com.ar\/principal\/wp-json\/wp\/v2\/categories?post=110808"},{"taxonomy":"post_tag","embeddable":true,"href":"https:\/\/www.hoymercedes.com.ar\/principal\/wp-json\/wp\/v2\/tags?post=110808"}],"curies":[{"name":"wp","href":"https:\/\/api.w.org\/{rel}","templated":true}]}}