{"id":110811,"date":"2020-05-17T18:29:24","date_gmt":"2020-05-17T21:29:24","guid":{"rendered":"http:\/\/www.hoymercedes.com.ar\/principal\/?p=110811"},"modified":"2020-05-17T22:06:06","modified_gmt":"2020-05-18T01:06:06","slug":"coccion-de-los-alimentos-cuando-estan-hechas-nuestras-comidas","status":"publish","type":"post","link":"https:\/\/www.hoymercedes.com.ar\/principal\/2020\/05\/17\/coccion-de-los-alimentos-cuando-estan-hechas-nuestras-comidas\/","title":{"rendered":"Cocci\u00f3n de los alimentos: \u00bfcu\u00e1ndo est\u00e1n hechas nuestras comidas?"},"content":{"rendered":"\n<p>Por Bromatolog\u00eda Mercedes &#8211; Estuvimos hablando de ETAs, \u00bfverdad? y de c\u00f3mo deber\u00edamos prevenirlas, bueno seguimos con el discurso. Las enfermedades transmitidas por alimentos (ETA), incluidas las intoxicaciones e infecciones, se producen por la ingesta de alimentos contaminados con agentes qu\u00edmicos o microbiol\u00f3gicos.<\/p>\n\n\n\n<p>Los factores de contaminaci\u00f3n pueden ser muchos, entre ellos, debido a la deficiencia en el proceso de elaboraci\u00f3n; o bien, por una inadecuada manipulaci\u00f3n o conservaci\u00f3n (falta de refrigeraci\u00f3n, suciedad, presencia de par\u00e1sitos o animales no deseados como insectos o roedores). Tambi\u00e9n afectan los alimentos los procesos de transporte a casa, o bien, los de distribuci\u00f3n o comercializaci\u00f3n no apropiados oooo&#8230;..? Cocci\u00f3n de los alimentos!!!!!<\/p>\n\n\n\n<p>Otra medida muy importante que se debe seguir en nuestros hogares para evitar las ETA es la cocci\u00f3n de los alimentos en el tiempo y temperatura indicados. Cuando los alimentos son servidos, preparados o dejados a temperaturas en las cuales no se eliminan los microorganismos o se favorece su crecimiento. Los alimentos pueden contener microorganismos pat\u00f3genos, especialmente los de origen animal como la carne, pescado, pollo, mariscos y los huevos. Por esta raz\u00f3n siempre hay que cocinarlos y muy bien, de lo contrario, nos pueden enfermar.<\/p>\n\n\n\n<p>Para garantizarnos que un alimento sea seguro para nuestra salud, debemos cocinarlo de forma tal que alcance la temperatura m\u00ednima interna la cual destruye los microorganismos. Estas temperaturas se deben alcanzar y mantener durante un tiempo espec\u00edfico y debe ser medida con un term\u00f3metro correctamente calibrado en la parte m\u00e1s gruesa del alimento, o bien, mediante los indicadores de temperatura de su cocina.<\/p>\n\n\n\n<p>Si bien las temperaturas internas recomendadas para alimentos pueden variar y nuestra sugerencia ser\u00e1n los 74\u00b0 dejamos infograf\u00eda y recuerden: La salud de su familia est\u00e1n en sus manos.<\/p>\n\n\n\n<figure class=\"wp-block-image size-large\"><img loading=\"lazy\" decoding=\"async\" width=\"941\" height=\"370\" data-attachment-id=\"110812\" data-permalink=\"https:\/\/www.hoymercedes.com.ar\/principal\/2020\/05\/17\/coccion-de-los-alimentos-cuando-estan-hechas-nuestras-comidas\/17-coccion-comida\/#main\" data-orig-file=\"https:\/\/www.hoymercedes.com.ar\/principal\/wp-content\/uploads\/2020\/05\/17-coccion-comida.png\" data-orig-size=\"941,370\" data-comments-opened=\"0\" data-image-meta=\"{&quot;aperture&quot;:&quot;0&quot;,&quot;credit&quot;:&quot;&quot;,&quot;camera&quot;:&quot;&quot;,&quot;caption&quot;:&quot;&quot;,&quot;created_timestamp&quot;:&quot;0&quot;,&quot;copyright&quot;:&quot;&quot;,&quot;focal_length&quot;:&quot;0&quot;,&quot;iso&quot;:&quot;0&quot;,&quot;shutter_speed&quot;:&quot;0&quot;,&quot;title&quot;:&quot;&quot;,&quot;orientation&quot;:&quot;0&quot;}\" data-image-title=\"17-coccion-comida\" data-image-description=\"\" data-image-caption=\"\" data-large-file=\"https:\/\/www.hoymercedes.com.ar\/principal\/wp-content\/uploads\/2020\/05\/17-coccion-comida.png\" src=\"https:\/\/www.hoymercedes.com.ar\/principal\/wp-content\/uploads\/2020\/05\/17-coccion-comida.png\" alt=\"\" class=\"wp-image-110812\"\/><\/figure>\n","protected":false},"excerpt":{"rendered":"<p>Por Bromatolog\u00eda Mercedes &#8211; Estuvimos hablando de ETAs, \u00bfverdad? y de c\u00f3mo deber\u00edamos prevenirlas, bueno seguimos con el discurso. Las &#8230; <a title=\"Cocci\u00f3n de los alimentos: \u00bfcu\u00e1ndo est\u00e1n hechas nuestras comidas?\" class=\"read-more\" href=\"https:\/\/www.hoymercedes.com.ar\/principal\/2020\/05\/17\/coccion-de-los-alimentos-cuando-estan-hechas-nuestras-comidas\/\" aria-label=\"Leer m\u00e1s sobre Cocci\u00f3n de los alimentos: \u00bfcu\u00e1ndo est\u00e1n hechas nuestras comidas?\">Leer m\u00e1s<\/a><\/p>\n","protected":false},"author":1,"featured_media":110812,"comment_status":"closed","ping_status":"open","sticky":false,"template":"","format":"standard","meta":{"_monsterinsights_skip_tracking":false,"_monsterinsights_sitenote_active":false,"_monsterinsights_sitenote_note":"","_monsterinsights_sitenote_category":0,"jetpack_post_was_ever_published":false,"_jetpack_newsletter_access":"","_jetpack_dont_email_post_to_subs":false,"_jetpack_newsletter_tier_id":0,"_jetpack_memberships_contains_paywalled_content":false,"_jetpack_memberships_contains_paid_content":false,"footnotes":"","jetpack_publicize_message":"","jetpack_publicize_feature_enabled":true,"jetpack_social_post_already_shared":true,"jetpack_social_options":{"image_generator_settings":{"template":"highway","default_image_id":0,"font":"","enabled":false},"version":2},"_wpas_customize_per_network":false},"categories":[9791],"tags":[16481,12186,16618],"class_list":["post-110811","post","type-post","status-publish","format-standard","has-post-thumbnail","hentry","category-salud","tag-alimentos","tag-bromatologia","tag-cocina","generate-columns","tablet-grid-50","mobile-grid-100","grid-parent","grid-50"],"jetpack_publicize_connections":[],"jetpack_featured_media_url":"https:\/\/www.hoymercedes.com.ar\/principal\/wp-content\/uploads\/2020\/05\/17-coccion-comida.png","wps_subtitle":"Alimentos saludables","jetpack_sharing_enabled":true,"_links":{"self":[{"href":"https:\/\/www.hoymercedes.com.ar\/principal\/wp-json\/wp\/v2\/posts\/110811","targetHints":{"allow":["GET"]}}],"collection":[{"href":"https:\/\/www.hoymercedes.com.ar\/principal\/wp-json\/wp\/v2\/posts"}],"about":[{"href":"https:\/\/www.hoymercedes.com.ar\/principal\/wp-json\/wp\/v2\/types\/post"}],"author":[{"embeddable":true,"href":"https:\/\/www.hoymercedes.com.ar\/principal\/wp-json\/wp\/v2\/users\/1"}],"replies":[{"embeddable":true,"href":"https:\/\/www.hoymercedes.com.ar\/principal\/wp-json\/wp\/v2\/comments?post=110811"}],"version-history":[{"count":0,"href":"https:\/\/www.hoymercedes.com.ar\/principal\/wp-json\/wp\/v2\/posts\/110811\/revisions"}],"wp:featuredmedia":[{"embeddable":true,"href":"https:\/\/www.hoymercedes.com.ar\/principal\/wp-json\/wp\/v2\/media\/110812"}],"wp:attachment":[{"href":"https:\/\/www.hoymercedes.com.ar\/principal\/wp-json\/wp\/v2\/media?parent=110811"}],"wp:term":[{"taxonomy":"category","embeddable":true,"href":"https:\/\/www.hoymercedes.com.ar\/principal\/wp-json\/wp\/v2\/categories?post=110811"},{"taxonomy":"post_tag","embeddable":true,"href":"https:\/\/www.hoymercedes.com.ar\/principal\/wp-json\/wp\/v2\/tags?post=110811"}],"curies":[{"name":"wp","href":"https:\/\/api.w.org\/{rel}","templated":true}]}}