{"id":110871,"date":"2020-05-19T06:57:00","date_gmt":"2020-05-19T09:57:00","guid":{"rendered":"http:\/\/www.hoymercedes.com.ar\/principal\/?p=110871"},"modified":"2020-05-19T20:32:57","modified_gmt":"2020-05-19T23:32:57","slug":"el-centro-universitario-ofrece-su-sala-de-informatica-a-docentes-y-estudiantes","status":"publish","type":"post","link":"https:\/\/www.hoymercedes.com.ar\/principal\/2020\/05\/19\/el-centro-universitario-ofrece-su-sala-de-informatica-a-docentes-y-estudiantes\/","title":{"rendered":"El Centro Universitario ofrece su sala de inform\u00e1tica a docentes y estudiantes"},"content":{"rendered":"\n<p>El Centro Universitario Regional que depende del Municipio de Mercedes, pone a disposici\u00f3n de la amplia gama de alumnos y docentes secundarios y terciarios de nuestra ciudad, su aula de inform\u00e1tica que cuenta con 25 computadoras con una excelente conectividad. Esta propuesta est\u00e1 pensada para aquellas personas que por diferentes motivos no cuenten con esta herramienta tan necesaria para la realizaci\u00f3n de tareas y obtenci\u00f3n de informaci\u00f3n.<\/p>\n\n\n\n<div class=\"wp-block-image\"><figure class=\"aligncenter size-large\"><img loading=\"lazy\" decoding=\"async\" width=\"800\" height=\"533\" data-attachment-id=\"110873\" data-permalink=\"https:\/\/www.hoymercedes.com.ar\/principal\/2020\/05\/19\/el-centro-universitario-ofrece-su-sala-de-informatica-a-docentes-y-estudiantes\/18-cur-informatica-1\/#main\" data-orig-file=\"https:\/\/www.hoymercedes.com.ar\/principal\/wp-content\/uploads\/2020\/05\/18-CUR-informatica-1.jpg\" data-orig-size=\"800,533\" data-comments-opened=\"0\" data-image-meta=\"{&quot;aperture&quot;:&quot;0&quot;,&quot;credit&quot;:&quot;&quot;,&quot;camera&quot;:&quot;&quot;,&quot;caption&quot;:&quot;&quot;,&quot;created_timestamp&quot;:&quot;0&quot;,&quot;copyright&quot;:&quot;&quot;,&quot;focal_length&quot;:&quot;0&quot;,&quot;iso&quot;:&quot;0&quot;,&quot;shutter_speed&quot;:&quot;0&quot;,&quot;title&quot;:&quot;&quot;,&quot;orientation&quot;:&quot;0&quot;}\" data-image-title=\"18 CUR informatica 1\" data-image-description=\"\" data-image-caption=\"\" data-large-file=\"https:\/\/www.hoymercedes.com.ar\/principal\/wp-content\/uploads\/2020\/05\/18-CUR-informatica-1.jpg\" src=\"https:\/\/www.hoymercedes.com.ar\/principal\/wp-content\/uploads\/2020\/05\/18-CUR-informatica-1.jpg\" alt=\"\" class=\"wp-image-110873\"\/><\/figure><\/div>\n\n\n\n<p>El Coordinador Acad\u00e9mico del Centro Universitario Regional, Sergio Carini expres\u00f3 \u201cnuestra idea fue ofrecer esta aula para aquellos docentes o estudiantes de cualquier nivel -secundario, terciario- para que hagan uso de las mismas\u201d y se\u00f1al\u00f3 \u201csabemos que en estos momentos pueden haber surgido diferentes problemas, como de conectividad, rotura de sus pc o no cuentan con esta herramienta, desde nuestro lugar ofrecemos esta posibilidad\u201d.<\/p>\n\n\n\n<p>Asimismo, Carini especific\u00f3 \u201cque puedan armar sus trabajos pr\u00e1cticos, enviar sus actividades, descargar bibliograf\u00eda, conectarse a las diferentes EDU WEB, exceptuando las clases por zoom debido a que los monitores que poseemos no cuentan con c\u00e1maras\u201d y agreg\u00f3 \u201cesta aula est\u00e1 acondicionada para que trabajen respetando el distanciamiento social y obligatorio, donde aproximadamente 10 o 12 estudiantes o docentes podr\u00e1n estar en cada turno\u201d. &nbsp;<\/p>\n\n\n\n<p>En este sentido, Sergio Carini apunt\u00f3 \u201cHemos hecho esta oferta para todos los docentes y alumnos de nuestra ciudad, pero tambi\u00e9n nos hemos reunido con el centro de estudiantes del Instituto Superior de Formaci\u00f3n Docente N \u00b0 7 quienes entendiendo y atendiendo la necesidad de esta herramienta para muchos de los alumnos que concurren a esta instituci\u00f3n educativa, nos pidieron el uso de las computadoras\u201d y aclar\u00f3 \u201clos estudiantes de este instituto tienen una grilla particular para los turnos que lo maneja el centro de estudiantes, por eso motivo, deben comunicarse con ellos. Lo hacemos de esta manera para evitar aglomeraci\u00f3n de personas y as\u00ed poder respetar el distanciamiento\u201d.<\/p>\n\n\n\n<p>Conjuntamente, el Coordinador Acad\u00e9mico manifest\u00f3 \u201cpara poder seguir cuid\u00e1ndonos entre todos lo que \u00fanico que pedimos es que quienes concurran lo hagan siguiendo los protocolos de seguridad, es decir, con barbijo y respetando el distanciamiento\u201d y a\u00f1adi\u00f3 \u201cnosotros contamos con todos los elementos de limpieza y salubridad necesarios para estos casos\u201d. &nbsp;<\/p>\n","protected":false},"excerpt":{"rendered":"<p>El Centro Universitario Regional que depende del Municipio de Mercedes, pone a disposici\u00f3n de la amplia gama de alumnos y &#8230; <a title=\"El Centro Universitario ofrece su sala de inform\u00e1tica a docentes y estudiantes\" class=\"read-more\" href=\"https:\/\/www.hoymercedes.com.ar\/principal\/2020\/05\/19\/el-centro-universitario-ofrece-su-sala-de-informatica-a-docentes-y-estudiantes\/\" aria-label=\"Leer m\u00e1s sobre El Centro Universitario ofrece su sala de inform\u00e1tica a docentes y estudiantes\">Leer m\u00e1s<\/a><\/p>\n","protected":false},"author":1,"featured_media":110874,"comment_status":"closed","ping_status":"open","sticky":false,"template":"","format":"standard","meta":{"_monsterinsights_skip_tracking":false,"_monsterinsights_sitenote_active":false,"_monsterinsights_sitenote_note":"","_monsterinsights_sitenote_category":0,"jetpack_post_was_ever_published":false,"_jetpack_newsletter_access":"","_jetpack_dont_email_post_to_subs":false,"_jetpack_newsletter_tier_id":0,"_jetpack_memberships_contains_paywalled_content":false,"_jetpack_memberships_contains_paid_content":false,"footnotes":"","jetpack_publicize_message":"","jetpack_publicize_feature_enabled":true,"jetpack_social_post_already_shared":true,"jetpack_social_options":{"image_generator_settings":{"template":"highway","default_image_id":0,"font":"","enabled":false},"version":2},"_wpas_customize_per_network":false},"categories":[30],"tags":[9938,244,11307],"class_list":["post-110871","post","type-post","status-publish","format-standard","has-post-thumbnail","hentry","category-municipio","tag-cur","tag-municipio-2","tag-sala-de-informatica","generate-columns","tablet-grid-50","mobile-grid-100","grid-parent","grid-50"],"jetpack_publicize_connections":[],"jetpack_featured_media_url":"https:\/\/www.hoymercedes.com.ar\/principal\/wp-content\/uploads\/2020\/05\/18-CUR-informatica-2.jpg","wps_subtitle":"","jetpack_sharing_enabled":true,"_links":{"self":[{"href":"https:\/\/www.hoymercedes.com.ar\/principal\/wp-json\/wp\/v2\/posts\/110871","targetHints":{"allow":["GET"]}}],"collection":[{"href":"https:\/\/www.hoymercedes.com.ar\/principal\/wp-json\/wp\/v2\/posts"}],"about":[{"href":"https:\/\/www.hoymercedes.com.ar\/principal\/wp-json\/wp\/v2\/types\/post"}],"author":[{"embeddable":true,"href":"https:\/\/www.hoymercedes.com.ar\/principal\/wp-json\/wp\/v2\/users\/1"}],"replies":[{"embeddable":true,"href":"https:\/\/www.hoymercedes.com.ar\/principal\/wp-json\/wp\/v2\/comments?post=110871"}],"version-history":[{"count":0,"href":"https:\/\/www.hoymercedes.com.ar\/principal\/wp-json\/wp\/v2\/posts\/110871\/revisions"}],"wp:featuredmedia":[{"embeddable":true,"href":"https:\/\/www.hoymercedes.com.ar\/principal\/wp-json\/wp\/v2\/media\/110874"}],"wp:attachment":[{"href":"https:\/\/www.hoymercedes.com.ar\/principal\/wp-json\/wp\/v2\/media?parent=110871"}],"wp:term":[{"taxonomy":"category","embeddable":true,"href":"https:\/\/www.hoymercedes.com.ar\/principal\/wp-json\/wp\/v2\/categories?post=110871"},{"taxonomy":"post_tag","embeddable":true,"href":"https:\/\/www.hoymercedes.com.ar\/principal\/wp-json\/wp\/v2\/tags?post=110871"}],"curies":[{"name":"wp","href":"https:\/\/api.w.org\/{rel}","templated":true}]}}