{"id":110892,"date":"2020-05-19T13:59:38","date_gmt":"2020-05-19T16:59:38","guid":{"rendered":"http:\/\/www.hoymercedes.com.ar\/principal\/?p=110892"},"modified":"2020-05-19T20:32:15","modified_gmt":"2020-05-19T23:32:15","slug":"un-luminoso-dia-de-justicia","status":"publish","type":"post","link":"https:\/\/www.hoymercedes.com.ar\/principal\/2020\/05\/19\/un-luminoso-dia-de-justicia\/","title":{"rendered":"Un luminoso d\u00eda de justicia"},"content":{"rendered":"\n<p>Por Oscar Dinova* &#8211; La oscuridad no existe, s\u00f3lo es en realidad la ausencia de luz (A. Einstein) <\/p>\n\n\n\n<p>El lunes pasado, en la parafernalia de noticias cotidianas que devoran a las del d\u00eda anterior, una destell\u00f3, en el contexto de esta pandemia que nos sume en preocupaciones sanitarias y de otras \u00edndoles, m\u00e1s graves a\u00fan. <\/p>\n\n\n\n<p>En un peque\u00f1o, pero magn\u00edfico pueblo de Brasil, -Paraty-, heredero de una arquitectura imperial lusitana exquisita, un hombre fue detenido. Fueron unos segundos televisivos apenas. Su figura de adulto canoso no ameritaba, en principio, detenerse demasiado tiempo en \u00e9l. Unos medios gr\u00e1ficos cordobeses fueron los primeros en explayarse sobre su caso. <\/p>\n\n\n\n<p>Buscamos, le\u00edmos diarios en espa\u00f1ol y portugu\u00e9s. El avance de la semana fue trayendo m\u00e1s detalles. No era alguien m\u00e1s en nuestras vidas. Se trata de Gonzalo \u201cChispa\u201d S\u00e1nchez. Prefecto de origen, devenido un \u201cperro de la guerra\u201d por las fuerzas armadas, que olvidando el mandato sanmartiniano, convirtieran nuestro territorio en un espacio de caza y muerte. <\/p>\n\n\n\n<p>Pertenec\u00eda al Grupo de Tareas 3.3.2, el m\u00e1s especializado y eficaz cuerpo de desaparecedores que generara la nefasta Dictadura Militar Argentina y que tuviera asiento en la ESMA. Hab\u00eda participado de la muerte de Rodolfo Walsh y el secuestro y quema de su cuerpo. Hab\u00eda ganado pues, una oscura notoriedad por haber puesto entre sus v\u00edctimas, al conocido escritor y periodista, asesinado el 25 de marzo del \u00b477 y por permanecer pr\u00f3fugo desde el a\u00f1o 2000 en territorio brasile\u00f1o. <\/p>\n\n\n\n<p>Para nuestra familia esta peque\u00f1a noticia nacional ha tenido otra trascendencia. Este militar, maquillado de forajido, integr\u00f3 el grupo operativo que secuestrara, el 14 de agosto de 1977 al marido de mi esposa Diana y padre de nuestra hija Victoria; -Alejandro Roberto Odell-, junto a sus amigos, Marcelo Carlos Reinhold y su esposa Susana Beatriz Siver, embarazada de cuatro meses. <\/p>\n\n\n\n<p>Luego de meses de una cruel detenci\u00f3n, los tres fueron asesinados en supuestos enfrentamientos y en los vuelos de la muerte, de los cuales el ahora apresado S\u00e1nchez, se jactaba en ser un especialista. S\u00f3lo la beb\u00e9, Florencia Laura, pudo sobrevivir y luego de muchos a\u00f1os recuperar su identidad y or\u00edgenes. <\/p>\n\n\n\n<p>S\u00e1nchez, fue detenido por orden del Juez Luiz Fux, del Supremo Tribunal Federal brasile\u00f1o y deportado, en un tiempo de 72 horas hacia la Argentina. No importaron aqu\u00ed, en modo alguno, los colores pol\u00edticos de los mandatarios de ambos pa\u00edses. Fue la decisi\u00f3n soberana de la Justicia. <\/p>\n\n\n\n<p>Es el triunfo del concepto profundo de democracia. S\u00e1nchez estuvo pr\u00f3fugo dos d\u00e9cadas, al abrigo de impunidades legales y de las otras. Hab\u00eda jugado a ser un dios que decid\u00eda sobre la vida y muerte de las personas y hoy es un simple sujeto, puesto en manos de las instituciones que mancill\u00f3, salvajemente. Verlo trasladado por las fuerzas federales y sometido a los tribunales nos debe fortalecer y sabernos, pese a marchas y contramarchas, en el buen camino. Sus v\u00edctimas tienen en estos d\u00edas un poco m\u00e1s de paz\u2026 y nosotros tambi\u00e9n. <\/p>\n\n\n\n<p>Ha sido un luminoso d\u00eda de Justicia. Aislado quiz\u00e1s, pero alentador. Que siga brillando entonces. <\/p>\n\n\n\n<p>*Oscar Dinova, escritor.<\/p>\n","protected":false},"excerpt":{"rendered":"<p>Por Oscar Dinova* &#8211; La oscuridad no existe, s\u00f3lo es en realidad la ausencia de luz (A. Einstein) El lunes &#8230; <a title=\"Un luminoso d\u00eda de justicia\" class=\"read-more\" href=\"https:\/\/www.hoymercedes.com.ar\/principal\/2020\/05\/19\/un-luminoso-dia-de-justicia\/\" aria-label=\"Leer m\u00e1s sobre Un luminoso d\u00eda de justicia\">Leer m\u00e1s<\/a><\/p>\n","protected":false},"author":1,"featured_media":110893,"comment_status":"closed","ping_status":"open","sticky":false,"template":"","format":"standard","meta":{"_monsterinsights_skip_tracking":false,"_monsterinsights_sitenote_active":false,"_monsterinsights_sitenote_note":"","_monsterinsights_sitenote_category":0,"jetpack_post_was_ever_published":false,"_jetpack_newsletter_access":"","_jetpack_dont_email_post_to_subs":false,"_jetpack_newsletter_tier_id":0,"_jetpack_memberships_contains_paywalled_content":false,"_jetpack_memberships_contains_paid_content":false,"footnotes":"","jetpack_publicize_message":"","jetpack_publicize_feature_enabled":true,"jetpack_social_post_already_shared":true,"jetpack_social_options":{"image_generator_settings":{"template":"highway","default_image_id":0,"font":"","enabled":false},"version":2},"_wpas_customize_per_network":false},"categories":[1],"tags":[8512,8748],"class_list":["post-110892","post","type-post","status-publish","format-standard","has-post-thumbnail","hentry","category-opinion","tag-dinova","tag-opinion","generate-columns","tablet-grid-50","mobile-grid-100","grid-parent","grid-50"],"jetpack_publicize_connections":[],"jetpack_featured_media_url":"https:\/\/www.hoymercedes.com.ar\/principal\/wp-content\/uploads\/2020\/05\/19-dinova-1.jpg","wps_subtitle":"","jetpack_sharing_enabled":true,"_links":{"self":[{"href":"https:\/\/www.hoymercedes.com.ar\/principal\/wp-json\/wp\/v2\/posts\/110892","targetHints":{"allow":["GET"]}}],"collection":[{"href":"https:\/\/www.hoymercedes.com.ar\/principal\/wp-json\/wp\/v2\/posts"}],"about":[{"href":"https:\/\/www.hoymercedes.com.ar\/principal\/wp-json\/wp\/v2\/types\/post"}],"author":[{"embeddable":true,"href":"https:\/\/www.hoymercedes.com.ar\/principal\/wp-json\/wp\/v2\/users\/1"}],"replies":[{"embeddable":true,"href":"https:\/\/www.hoymercedes.com.ar\/principal\/wp-json\/wp\/v2\/comments?post=110892"}],"version-history":[{"count":0,"href":"https:\/\/www.hoymercedes.com.ar\/principal\/wp-json\/wp\/v2\/posts\/110892\/revisions"}],"wp:featuredmedia":[{"embeddable":true,"href":"https:\/\/www.hoymercedes.com.ar\/principal\/wp-json\/wp\/v2\/media\/110893"}],"wp:attachment":[{"href":"https:\/\/www.hoymercedes.com.ar\/principal\/wp-json\/wp\/v2\/media?parent=110892"}],"wp:term":[{"taxonomy":"category","embeddable":true,"href":"https:\/\/www.hoymercedes.com.ar\/principal\/wp-json\/wp\/v2\/categories?post=110892"},{"taxonomy":"post_tag","embeddable":true,"href":"https:\/\/www.hoymercedes.com.ar\/principal\/wp-json\/wp\/v2\/tags?post=110892"}],"curies":[{"name":"wp","href":"https:\/\/api.w.org\/{rel}","templated":true}]}}