{"id":110895,"date":"2020-05-19T16:23:52","date_gmt":"2020-05-19T19:23:52","guid":{"rendered":"http:\/\/www.hoymercedes.com.ar\/principal\/?p=110895"},"modified":"2020-05-19T20:31:52","modified_gmt":"2020-05-19T23:31:52","slug":"cuatro-penitenciarios-le-salvaron-la-vida-a-un-bebe-de-un-ano-que-se-estaba-ahogando","status":"publish","type":"post","link":"https:\/\/www.hoymercedes.com.ar\/principal\/2020\/05\/19\/cuatro-penitenciarios-le-salvaron-la-vida-a-un-bebe-de-un-ano-que-se-estaba-ahogando\/","title":{"rendered":"Cuatro penitenciarios le salvaron la vida a un beb\u00e9 de un a\u00f1o que se estaba ahogando"},"content":{"rendered":"\n<p>Agentes de la Sede Operativa Norte del Servicio Penitenciario Bonaerense (SPB) lograron salvar la vida de Pedro, un nene de un a\u00f1o y medio que se estaba ahogando, y con maniobras de RCP hicieron que el chiquito reaccionara.<\/p>\n\n\n\n<div class=\"wp-block-image\"><figure class=\"aligncenter size-large\"><img loading=\"lazy\" decoding=\"async\" width=\"800\" height=\"600\" data-attachment-id=\"110896\" data-permalink=\"https:\/\/www.hoymercedes.com.ar\/principal\/2020\/05\/19\/cuatro-penitenciarios-le-salvaron-la-vida-a-un-bebe-de-un-ano-que-se-estaba-ahogando\/19-carcel\/#main\" data-orig-file=\"https:\/\/www.hoymercedes.com.ar\/principal\/wp-content\/uploads\/2020\/05\/19-carcel.jpg\" data-orig-size=\"800,600\" data-comments-opened=\"0\" data-image-meta=\"{&quot;aperture&quot;:&quot;0&quot;,&quot;credit&quot;:&quot;&quot;,&quot;camera&quot;:&quot;&quot;,&quot;caption&quot;:&quot;&quot;,&quot;created_timestamp&quot;:&quot;0&quot;,&quot;copyright&quot;:&quot;&quot;,&quot;focal_length&quot;:&quot;0&quot;,&quot;iso&quot;:&quot;0&quot;,&quot;shutter_speed&quot;:&quot;0&quot;,&quot;title&quot;:&quot;&quot;,&quot;orientation&quot;:&quot;0&quot;}\" data-image-title=\"19 carcel\" data-image-description=\"\" data-image-caption=\"\" data-large-file=\"https:\/\/www.hoymercedes.com.ar\/principal\/wp-content\/uploads\/2020\/05\/19-carcel.jpg\" src=\"https:\/\/www.hoymercedes.com.ar\/principal\/wp-content\/uploads\/2020\/05\/19-carcel.jpg\" alt=\"\" class=\"wp-image-110896\"\/><\/figure><\/div>\n\n\n\n<p>La tr\u00e1gica situaci\u00f3n ocurri\u00f3 anoche cuando el Alcaide Mayor (EG) Pablo D\u2019 Angelo, el Cabo 1\u00b0 (EG) Andr\u00e9s Quintero, el Cabo 1\u00b0 (EG) Ezequiel Fidanza y el Cabo 1\u00b0 (EG) Gonzalo Baiardi se encontraban en la base operativa de la Unidad 5 Mercedes y escucharon gritos de una se\u00f1ora que ped\u00eda auxilio.<\/p>\n\n\n\n<p>R\u00e1pidamente socorrieron a esta vecina que gritaba que su hijo Pedro, de un a\u00f1o y medio, se estaba ahogando. El personal penitenciario le realiz\u00f3 maniobras de RCP y decidieron trasladarlo a la cl\u00ednica de Mercedes, con la alegr\u00eda y el alivio que en el camino, antes de llegar a destino, el peque\u00f1o reaccion\u00f3.<\/p>\n\n\n\n<p>La familia, amigos y vecinos de Pedrito hicieron llegaron sus felicitaciones a los h\u00e9roes penitenciarios. \u201cNo me s\u00e9 los nombres de ninguno pero desde hoy van a ser llamados los \u00e1ngeles que salvaron la vida de mi hijo Pedro\u201d public\u00f3 su mam\u00e1 en Facebook.<\/p>\n\n\n\n<p>Tambi\u00e9n las autoridades y personal penitenciario hicieron llegar su reconocimiento a los agentes que participaron del hecho que con su r\u00e1pido accionar lograron revivir al nene.<\/p>\n\n\n\n<p>En este sentido, la Subdirectora General de Operaciones del SPB, Prefecto Mayor (EG) Cecilia Su\u00e1rez, expres\u00f3 \u201cestoy muy orgullosa del personal por su solidaridad y compromiso que se pone de manifiesto\u201d. Al mismo tiempo, destac\u00f3 que \u201clas capacitaciones son muy importantes\u201d y que \u201csiempre le digo al personal: somos funcionarios p\u00fablicos y adem\u00e1s de asistir a los internos, tambi\u00e9n debemos asistir a la comunidad\u201d.<\/p>\n\n\n\n<p>Cabe destacar que los agentes cumplen funciones en el \u00e1rea de traslado y custodia de detenidos en esa Sede Operativa Norte, a cargo del Subprefecto (EG) Lucas Siri.<\/p>\n\n\n\n<p>Por Prensa Unidad 5<\/p>\n","protected":false},"excerpt":{"rendered":"<p>Agentes de la Sede Operativa Norte del Servicio Penitenciario Bonaerense (SPB) lograron salvar la vida de Pedro, un nene de &#8230; <a title=\"Cuatro penitenciarios le salvaron la vida a un beb\u00e9 de un a\u00f1o que se estaba ahogando\" class=\"read-more\" href=\"https:\/\/www.hoymercedes.com.ar\/principal\/2020\/05\/19\/cuatro-penitenciarios-le-salvaron-la-vida-a-un-bebe-de-un-ano-que-se-estaba-ahogando\/\" aria-label=\"Leer m\u00e1s sobre Cuatro penitenciarios le salvaron la vida a un beb\u00e9 de un a\u00f1o que se estaba ahogando\">Leer m\u00e1s<\/a><\/p>\n","protected":false},"author":1,"featured_media":110896,"comment_status":"closed","ping_status":"open","sticky":false,"template":"","format":"standard","meta":{"_monsterinsights_skip_tracking":false,"_monsterinsights_sitenote_active":false,"_monsterinsights_sitenote_note":"","_monsterinsights_sitenote_category":0,"jetpack_post_was_ever_published":false,"_jetpack_newsletter_access":"","_jetpack_dont_email_post_to_subs":false,"_jetpack_newsletter_tier_id":0,"_jetpack_memberships_contains_paywalled_content":false,"_jetpack_memberships_contains_paid_content":false,"footnotes":"","jetpack_publicize_message":"","jetpack_publicize_feature_enabled":true,"jetpack_social_post_already_shared":true,"jetpack_social_options":{"image_generator_settings":{"template":"highway","default_image_id":0,"font":"","enabled":false},"version":2},"_wpas_customize_per_network":false},"categories":[8],"tags":[16625,1011,10114],"class_list":["post-110895","post","type-post","status-publish","format-standard","has-post-thumbnail","hentry","category-sociedad","tag-auxilio","tag-carcel","tag-servicio-penitenciario","generate-columns","tablet-grid-50","mobile-grid-100","grid-parent","grid-50"],"jetpack_publicize_connections":[],"jetpack_featured_media_url":"https:\/\/www.hoymercedes.com.ar\/principal\/wp-content\/uploads\/2020\/05\/19-carcel.jpg","wps_subtitle":"Solidaridad","jetpack_sharing_enabled":true,"_links":{"self":[{"href":"https:\/\/www.hoymercedes.com.ar\/principal\/wp-json\/wp\/v2\/posts\/110895","targetHints":{"allow":["GET"]}}],"collection":[{"href":"https:\/\/www.hoymercedes.com.ar\/principal\/wp-json\/wp\/v2\/posts"}],"about":[{"href":"https:\/\/www.hoymercedes.com.ar\/principal\/wp-json\/wp\/v2\/types\/post"}],"author":[{"embeddable":true,"href":"https:\/\/www.hoymercedes.com.ar\/principal\/wp-json\/wp\/v2\/users\/1"}],"replies":[{"embeddable":true,"href":"https:\/\/www.hoymercedes.com.ar\/principal\/wp-json\/wp\/v2\/comments?post=110895"}],"version-history":[{"count":0,"href":"https:\/\/www.hoymercedes.com.ar\/principal\/wp-json\/wp\/v2\/posts\/110895\/revisions"}],"wp:featuredmedia":[{"embeddable":true,"href":"https:\/\/www.hoymercedes.com.ar\/principal\/wp-json\/wp\/v2\/media\/110896"}],"wp:attachment":[{"href":"https:\/\/www.hoymercedes.com.ar\/principal\/wp-json\/wp\/v2\/media?parent=110895"}],"wp:term":[{"taxonomy":"category","embeddable":true,"href":"https:\/\/www.hoymercedes.com.ar\/principal\/wp-json\/wp\/v2\/categories?post=110895"},{"taxonomy":"post_tag","embeddable":true,"href":"https:\/\/www.hoymercedes.com.ar\/principal\/wp-json\/wp\/v2\/tags?post=110895"}],"curies":[{"name":"wp","href":"https:\/\/api.w.org\/{rel}","templated":true}]}}