{"id":110954,"date":"2020-05-21T07:10:00","date_gmt":"2020-05-21T10:10:00","guid":{"rendered":"http:\/\/www.hoymercedes.com.ar\/principal\/?p=110954"},"modified":"2020-05-20T22:34:24","modified_gmt":"2020-05-21T01:34:24","slug":"el-area-de-economia-comunal-reactiva-el-cobro-de-tasas-municipales","status":"publish","type":"post","link":"https:\/\/www.hoymercedes.com.ar\/principal\/2020\/05\/21\/el-area-de-economia-comunal-reactiva-el-cobro-de-tasas-municipales\/","title":{"rendered":"El \u00e1rea de Econom\u00eda comunal reactiva el cobro de tasas municipales"},"content":{"rendered":"\n<p>Con la oficina de recaudaci\u00f3n abierta desde hace unas semanas, el Municipio de Mercedes est\u00e1 normalizando el cobro de las tasas municipales para los vecinos que no puideron hacerlo a trav\u00e9s de los medios electr\u00f3nicos dispuestos. <\/p>\n\n\n\n<p>El Subsecretario de Econom\u00eda y Hacienda, David Valerga explic\u00f3 que las cuotas 3 y 4 de la Tasa de Servicios Generales venci\u00f3 entre abril y mayo. Su recaudaci\u00f3n cay\u00f3 un 35%. \u201cEstos son datos que afectan de manera directa la econom\u00eda en el \u00e1mbito comunal, por ese motivo, mandaremos una nota a los contribuyentes, pedimos que no se asusten, porque la idea es ver qu\u00e9 posibilidades tenemos de que aquellos que ven\u00edan al d\u00eda, con buen cumplimiento, puedan pagar las cuotas 3 y 4 sin inter\u00e9s. Es decir, a pesar de estar vencidas, desde el Municipio no le cobraremos inter\u00e9s, una manera de alentarlos para que puedan cumplir\u201d explic\u00f3 el funcionario y resalt\u00f3 que la recaudaci\u00f3n municipal es lo que permite el mantenimiento de los servicios comunales. <\/p>\n\n\n\n<p>Asimismo, Valerga destac\u00f3 que desde el \u00e1rea tambi\u00e9n se realizan reuniones para retomar la contribuci\u00f3n impositiva. \u00abNos hemos reunido con la C\u00e1mara Econ\u00f3mica por la tasa de seguridad e higiene y otras cuestiones. Uno de los temas es que muchos contribuyentes que se acercaron ya no pod\u00edan pagar m\u00e1s con tarjeta Visa en 6 cuotas fijas -este era un servicio que le daba el Municipio al contribuyente- mismo que debimos darlo de baja en el mes de abril ya que la tarjeta por cada cuota financiada le cobraba a la comuna intereses alt\u00edsimos, alrededor del 150 por ciento. De todas maneras, estamos teniendo reuniones con Visa para renegociar ese convenio\u201d, resalt\u00f3 el funcionario.&nbsp;<\/p>\n\n\n\n<p>Asimismo, Valerga se\u00f1al\u00f3 \u201cotro tema que venimos charlando es que por el mes de marzo, cuando se corri\u00f3 el vencimiento de la cuota 1 de la tasa de seguridad e higiene, la misma se extendi\u00f3 hasta cuando vence la cuota 2-5 de junio-\u201c y explic\u00f3 &nbsp;\u201cporque la idea es que la cuota 1 el comerciante la pague sobre la facturaci\u00f3n que tuvo entre los meses de enero y febrero y la cuota 2 entre los meses de marzo y abril,pero hay actividades que quedaron suspendidas casi en su totalidad a partir dela cuarentena desde el mes de marzo, motivo por el cual, estamos analizando junto con el concejo deliberante de la ciudad, a qu\u00e9 sector comercial eximirles la cuota 2. Y para aquellos que deban abonarla, lo m\u00e1s probable es que corramos el vencimiento o buscaremos alguna otra alternativa\u201d.&nbsp;<\/p>\n\n\n\n<p>El \u00e1rea de recaudaci\u00f3n se encuentra abierta de 8:00 a 13:30 horas manteniendo los protocolos de seguridad pertinentes.<\/p>\n","protected":false},"excerpt":{"rendered":"<p>Con la oficina de recaudaci\u00f3n abierta desde hace unas semanas, el Municipio de Mercedes est\u00e1 normalizando el cobro de las &#8230; <a title=\"El \u00e1rea de Econom\u00eda comunal reactiva el cobro de tasas municipales\" class=\"read-more\" href=\"https:\/\/www.hoymercedes.com.ar\/principal\/2020\/05\/21\/el-area-de-economia-comunal-reactiva-el-cobro-de-tasas-municipales\/\" aria-label=\"Leer m\u00e1s sobre El \u00e1rea de Econom\u00eda comunal reactiva el cobro de tasas municipales\">Leer m\u00e1s<\/a><\/p>\n","protected":false},"author":1,"featured_media":110955,"comment_status":"closed","ping_status":"open","sticky":false,"template":"","format":"standard","meta":{"_monsterinsights_skip_tracking":false,"_monsterinsights_sitenote_active":false,"_monsterinsights_sitenote_note":"","_monsterinsights_sitenote_category":0,"jetpack_post_was_ever_published":false,"_jetpack_newsletter_access":"","_jetpack_dont_email_post_to_subs":false,"_jetpack_newsletter_tier_id":0,"_jetpack_memberships_contains_paywalled_content":false,"_jetpack_memberships_contains_paid_content":false,"footnotes":"","jetpack_publicize_message":"","jetpack_publicize_feature_enabled":true,"jetpack_social_post_already_shared":true,"jetpack_social_options":{"image_generator_settings":{"template":"highway","default_image_id":0,"font":"","enabled":false},"version":2},"_wpas_customize_per_network":false},"categories":[30],"tags":[8786,244,240],"class_list":["post-110954","post","type-post","status-publish","format-standard","has-post-thumbnail","hentry","category-municipio","tag-economia","tag-municipio-2","tag-tasas-municipales","generate-columns","tablet-grid-50","mobile-grid-100","grid-parent","grid-50"],"jetpack_publicize_connections":[],"jetpack_featured_media_url":"https:\/\/www.hoymercedes.com.ar\/principal\/wp-content\/uploads\/2020\/05\/21-tasas-muni-Valerga.jpg","wps_subtitle":"Para mantener los servicios comunales","jetpack_sharing_enabled":true,"_links":{"self":[{"href":"https:\/\/www.hoymercedes.com.ar\/principal\/wp-json\/wp\/v2\/posts\/110954","targetHints":{"allow":["GET"]}}],"collection":[{"href":"https:\/\/www.hoymercedes.com.ar\/principal\/wp-json\/wp\/v2\/posts"}],"about":[{"href":"https:\/\/www.hoymercedes.com.ar\/principal\/wp-json\/wp\/v2\/types\/post"}],"author":[{"embeddable":true,"href":"https:\/\/www.hoymercedes.com.ar\/principal\/wp-json\/wp\/v2\/users\/1"}],"replies":[{"embeddable":true,"href":"https:\/\/www.hoymercedes.com.ar\/principal\/wp-json\/wp\/v2\/comments?post=110954"}],"version-history":[{"count":0,"href":"https:\/\/www.hoymercedes.com.ar\/principal\/wp-json\/wp\/v2\/posts\/110954\/revisions"}],"wp:featuredmedia":[{"embeddable":true,"href":"https:\/\/www.hoymercedes.com.ar\/principal\/wp-json\/wp\/v2\/media\/110955"}],"wp:attachment":[{"href":"https:\/\/www.hoymercedes.com.ar\/principal\/wp-json\/wp\/v2\/media?parent=110954"}],"wp:term":[{"taxonomy":"category","embeddable":true,"href":"https:\/\/www.hoymercedes.com.ar\/principal\/wp-json\/wp\/v2\/categories?post=110954"},{"taxonomy":"post_tag","embeddable":true,"href":"https:\/\/www.hoymercedes.com.ar\/principal\/wp-json\/wp\/v2\/tags?post=110954"}],"curies":[{"name":"wp","href":"https:\/\/api.w.org\/{rel}","templated":true}]}}