{"id":110976,"date":"2020-05-21T12:33:00","date_gmt":"2020-05-21T15:33:00","guid":{"rendered":"http:\/\/www.hoymercedes.com.ar\/principal\/?p=110976"},"modified":"2020-05-21T21:24:19","modified_gmt":"2020-05-22T00:24:19","slug":"cuarentena-asistencia-y-acompanamiento-en-salud-mental","status":"publish","type":"post","link":"https:\/\/www.hoymercedes.com.ar\/principal\/2020\/05\/21\/cuarentena-asistencia-y-acompanamiento-en-salud-mental\/","title":{"rendered":"Cuarentena: asistencia y acompa\u00f1amiento en salud mental"},"content":{"rendered":"\n<p>La Secretar\u00eda de Desarrollo Social municipal a trav\u00e9s del el Centro de D\u00eda de Salud Mental y Consumo Problem\u00e1tico, que trabaja de forma articulada con el DIAT (Dispositivo Integral de Abordaje Territorial) y el CPA (Centro Provincial de Atenci\u00f3n) contin\u00faa prestando atenci\u00f3n y asistencia a los vecinos con distintas problem\u00e1ticas relacionadas con su salud mental. \u00a0\u00a0<\/p>\n\n\n\n<p>Con un trabajo permanente de contenci\u00f3n, integraci\u00f3n y comunicaci\u00f3n en tiempos de pandemia. este dispositivo es llevado adelante por un equipo interdisciplinario que articula su asistencia con todas las acciones de salud a nivel local.<\/p>\n\n\n\n<p>Julio Maldonado, coordinador de salud mental en la Regi\u00f3n Sanitaria X del Ministerio de Salud de la provincia, explic\u00f3 que brindan \u00abacompa\u00f1amiento a qui\u00e9n lo necesite a trav\u00e9s de diferentes l\u00edneas de apoyo para aquellas personas que est\u00e1n pasando por una situaci\u00f3n de encierro debido a la cuarentena\u201d<\/p>\n\n\n\n<p>\u00abEste es un trabajo que estamos haciendo en conjunto con el \u00e1rea de salud, teniendo como principal objetivo el bienestar de los vecinos. La l\u00ednea de emergencia es abierta, m\u00e1s all\u00e1 de los dispositivos que manejan una especificidad, a todo tipo de consultas (encierro, fobias, miedo, conflicto de convivencia, etc)\u201d, agreg\u00f3.<\/p>\n\n\n\n<p>El tel\u00e9fono de guardia es el 15582319 y el tel\u00e9fono fijo el 430355 (lunes a viernes de 10 a 14 horas). En Instagram @centrodedia @diatmercedes. En Facebook \u00abDiatMercedes\u00bb \u00f3 \u00abCentro de Dia de SM y CP\u00bb.<\/p>\n","protected":false},"excerpt":{"rendered":"<p>La Secretar\u00eda de Desarrollo Social municipal a trav\u00e9s del el Centro de D\u00eda de Salud Mental y Consumo Problem\u00e1tico, que &#8230; <a title=\"Cuarentena: asistencia y acompa\u00f1amiento en salud mental\" class=\"read-more\" href=\"https:\/\/www.hoymercedes.com.ar\/principal\/2020\/05\/21\/cuarentena-asistencia-y-acompanamiento-en-salud-mental\/\" aria-label=\"Leer m\u00e1s sobre Cuarentena: asistencia y acompa\u00f1amiento en salud mental\">Leer m\u00e1s<\/a><\/p>\n","protected":false},"author":1,"featured_media":110977,"comment_status":"closed","ping_status":"open","sticky":false,"template":"","format":"standard","meta":{"_monsterinsights_skip_tracking":false,"_monsterinsights_sitenote_active":false,"_monsterinsights_sitenote_note":"","_monsterinsights_sitenote_category":0,"jetpack_post_was_ever_published":false,"_jetpack_newsletter_access":"","_jetpack_dont_email_post_to_subs":false,"_jetpack_newsletter_tier_id":0,"_jetpack_memberships_contains_paywalled_content":false,"_jetpack_memberships_contains_paid_content":false,"footnotes":"","jetpack_publicize_message":"","jetpack_publicize_feature_enabled":true,"jetpack_social_post_already_shared":true,"jetpack_social_options":{"image_generator_settings":{"template":"highway","default_image_id":0,"font":"","enabled":false},"version":2},"_wpas_customize_per_network":false},"categories":[30],"tags":[16636,244,5896],"class_list":["post-110976","post","type-post","status-publish","format-standard","has-post-thumbnail","hentry","category-municipio","tag-aislamiento-obligagotorio","tag-municipio-2","tag-salud-mental","generate-columns","tablet-grid-50","mobile-grid-100","grid-parent","grid-50"],"jetpack_publicize_connections":[],"jetpack_featured_media_url":"https:\/\/www.hoymercedes.com.ar\/principal\/wp-content\/uploads\/2020\/05\/21-Salud-Mental.jpg","wps_subtitle":"","jetpack_sharing_enabled":true,"_links":{"self":[{"href":"https:\/\/www.hoymercedes.com.ar\/principal\/wp-json\/wp\/v2\/posts\/110976","targetHints":{"allow":["GET"]}}],"collection":[{"href":"https:\/\/www.hoymercedes.com.ar\/principal\/wp-json\/wp\/v2\/posts"}],"about":[{"href":"https:\/\/www.hoymercedes.com.ar\/principal\/wp-json\/wp\/v2\/types\/post"}],"author":[{"embeddable":true,"href":"https:\/\/www.hoymercedes.com.ar\/principal\/wp-json\/wp\/v2\/users\/1"}],"replies":[{"embeddable":true,"href":"https:\/\/www.hoymercedes.com.ar\/principal\/wp-json\/wp\/v2\/comments?post=110976"}],"version-history":[{"count":0,"href":"https:\/\/www.hoymercedes.com.ar\/principal\/wp-json\/wp\/v2\/posts\/110976\/revisions"}],"wp:featuredmedia":[{"embeddable":true,"href":"https:\/\/www.hoymercedes.com.ar\/principal\/wp-json\/wp\/v2\/media\/110977"}],"wp:attachment":[{"href":"https:\/\/www.hoymercedes.com.ar\/principal\/wp-json\/wp\/v2\/media?parent=110976"}],"wp:term":[{"taxonomy":"category","embeddable":true,"href":"https:\/\/www.hoymercedes.com.ar\/principal\/wp-json\/wp\/v2\/categories?post=110976"},{"taxonomy":"post_tag","embeddable":true,"href":"https:\/\/www.hoymercedes.com.ar\/principal\/wp-json\/wp\/v2\/tags?post=110976"}],"curies":[{"name":"wp","href":"https:\/\/api.w.org\/{rel}","templated":true}]}}