{"id":111025,"date":"2020-05-22T16:06:55","date_gmt":"2020-05-22T19:06:55","guid":{"rendered":"http:\/\/www.hoymercedes.com.ar\/principal\/?p=111025"},"modified":"2020-05-22T22:13:26","modified_gmt":"2020-05-23T01:13:26","slug":"dos-anos-para-el-centro-oftalmologico","status":"publish","type":"post","link":"https:\/\/www.hoymercedes.com.ar\/principal\/2020\/05\/22\/dos-anos-para-el-centro-oftalmologico\/","title":{"rendered":"Dos a\u00f1os para el Centro Oftalmol\u00f3gico"},"content":{"rendered":"\n<p>El Centro Oftalmol\u00f3gico Municipal inaugurado junto al Club de Leones cumpli\u00f3 el segundo aniversario cerca de mil anteojos entregados y miles de atenciones de todas las edades, brindando atenci\u00f3n especializada, estudios y diferentes seguimientos m\u00e9dicos. \u201cEs un orgullo para todos nosotros este dispositivo de cuidado de la salud. Fue un gran trabajo solidario con excelentes resultados para los mercedinos\u201d, destac\u00f3 el intendente Ustarroz.<\/p>\n\n\n\n<p>Para el jefe comunal es \u201cuna herramienta muy importante que nos enorgullece como ciudad, con un gran trabajo de Paula, la profesional a&nbsp;&nbsp;cargo, y del personal municipal\u201d sin dejar de mencionar que \u201cmostr\u00f3 adem\u00e1s como el trabajo solidario entre el Estado y el Club de Leones permiti\u00f3 un avance enorme en t\u00e9rminos de salud\u201d<\/p>\n\n\n\n<p>Ante este nuevo aniversario, Paula Botte, una de las profesionales que trabaja en este centro, manifest\u00f3 \u201cel funcionamiento que ven\u00edamos teniendo antes de la pandemia era excelente, estamos muy felices porque los vecinos se acercan, consultan y pueden solucionar las diferentes problem\u00e1ticas que los aquejan\u201d y destac\u00f3 \u201cesta asistencia que brindamos a todos los mercedinos de forma gratuita es algo espectacular y redunda en una gran ayuda para todos\u201d.<\/p>\n\n\n\n<p>\u201cEl apoyo que nos ha transmitido el Club de Leones ha sido fundamental, ayudaron en todo, desde la puesta del consultorio, la asistencia, la compra de anteojos, marcos, hasta han hecho aportes para realizar algunas intervenciones importantes que debieron efectuarse algunos vecinos, es decir, siempre estuvieron a la altura de las circunstancias\u201d subray\u00f3 Paula Botte y a\u00f1adi\u00f3 \u201ccomo as\u00ed tambi\u00e9n el Municipio de Mercedes que nunca nos hace faltar nada y siempre est\u00e1n al servicio de nuestras necesidades\u201d.&nbsp;&nbsp;<\/p>\n\n\n\n<p>En ese sentido, la profesional apunt\u00f3 \u201cesta es una asistencia primaria de gran magnitud, es decir, nosotros colaboramos con la parte oftalmol\u00f3gica, donde se le brinda a quien se acerca; un control -saber qu\u00e9 es lo que les pasa- receta de los anteojos -de lejos y cerca- fondo de ojos y todo absolutamente gratuito\u201d.&nbsp;&nbsp;&nbsp;<\/p>\n\n\n\n<p>En cuanto a las asistencias m\u00e1s recurrentes en el transcurso de estos dos a\u00f1os, Botte manifest\u00f3 \u201cla consulta por la que m\u00e1s se acerca el vecino es por la necesidad de anteojos, tanto como para ver de lejos como para ver de cerca. Y luego est\u00e1n los fondos de ojos, tanto para los reci\u00e9n nacidos como para el p\u00fablico en general\u201d<\/p>\n\n\n\n<p>\u201cEn estos momentos estamos con atenci\u00f3n reducida, urgencias y fondos de ojos para los beb\u00e9s\u201d sostuvo la profesional y explic\u00f3 \u201cdurante la pandemia los cuidados son muchos por ese motivo la acotaci\u00f3n en cuanto a la atenci\u00f3n\u201d.<\/p>\n\n\n\n<p>Este proyecto, conllev\u00f3 una inversi\u00f3n de m\u00e1s de cien mil d\u00f3lares, aportados por la Fundaci\u00f3n Internacional del \u201cClubes de Leones\u201d en equipamiento de alta tecnolog\u00eda. Y, adem\u00e1s, la inversi\u00f3n de la Comuna en infraestructura, personal profesional y administrativo.<\/p>\n\n\n\n<p>En Centro inici\u00f3 sus actividades en el Centro Integrador Comunitario y luego, cuando se inaugur\u00f3 el Centro de Diagn\u00f3stico por Im\u00e1genes Municipal, se traslad\u00f3 a dicho flamante edificio, ampliando espacios y formas de atenci\u00f3n<\/p>\n","protected":false},"excerpt":{"rendered":"<p>El Centro Oftalmol\u00f3gico Municipal inaugurado junto al Club de Leones cumpli\u00f3 el segundo aniversario cerca de mil anteojos entregados y &#8230; <a title=\"Dos a\u00f1os para el Centro Oftalmol\u00f3gico\" class=\"read-more\" href=\"https:\/\/www.hoymercedes.com.ar\/principal\/2020\/05\/22\/dos-anos-para-el-centro-oftalmologico\/\" aria-label=\"Leer m\u00e1s sobre Dos a\u00f1os para el Centro Oftalmol\u00f3gico\">Leer m\u00e1s<\/a><\/p>\n","protected":false},"author":1,"featured_media":111026,"comment_status":"closed","ping_status":"open","sticky":false,"template":"","format":"standard","meta":{"_monsterinsights_skip_tracking":false,"_monsterinsights_sitenote_active":false,"_monsterinsights_sitenote_note":"","_monsterinsights_sitenote_category":0,"jetpack_post_was_ever_published":false,"_jetpack_newsletter_access":"","_jetpack_dont_email_post_to_subs":false,"_jetpack_newsletter_tier_id":0,"_jetpack_memberships_contains_paywalled_content":false,"_jetpack_memberships_contains_paid_content":false,"footnotes":"","jetpack_publicize_message":"","jetpack_publicize_feature_enabled":true,"jetpack_social_post_already_shared":true,"jetpack_social_options":{"image_generator_settings":{"template":"highway","default_image_id":0,"font":"","enabled":false},"version":2},"_wpas_customize_per_network":false},"categories":[30],"tags":[8829,13233,244],"class_list":["post-111025","post","type-post","status-publish","format-standard","has-post-thumbnail","hentry","category-municipio","tag-aniversario","tag-centro-oftalmologico","tag-municipio-2","generate-columns","tablet-grid-50","mobile-grid-100","grid-parent","grid-50"],"jetpack_publicize_connections":[],"jetpack_featured_media_url":"https:\/\/www.hoymercedes.com.ar\/principal\/wp-content\/uploads\/2020\/05\/22-oftalmo.jpg","wps_subtitle":"","jetpack_sharing_enabled":true,"_links":{"self":[{"href":"https:\/\/www.hoymercedes.com.ar\/principal\/wp-json\/wp\/v2\/posts\/111025","targetHints":{"allow":["GET"]}}],"collection":[{"href":"https:\/\/www.hoymercedes.com.ar\/principal\/wp-json\/wp\/v2\/posts"}],"about":[{"href":"https:\/\/www.hoymercedes.com.ar\/principal\/wp-json\/wp\/v2\/types\/post"}],"author":[{"embeddable":true,"href":"https:\/\/www.hoymercedes.com.ar\/principal\/wp-json\/wp\/v2\/users\/1"}],"replies":[{"embeddable":true,"href":"https:\/\/www.hoymercedes.com.ar\/principal\/wp-json\/wp\/v2\/comments?post=111025"}],"version-history":[{"count":0,"href":"https:\/\/www.hoymercedes.com.ar\/principal\/wp-json\/wp\/v2\/posts\/111025\/revisions"}],"wp:featuredmedia":[{"embeddable":true,"href":"https:\/\/www.hoymercedes.com.ar\/principal\/wp-json\/wp\/v2\/media\/111026"}],"wp:attachment":[{"href":"https:\/\/www.hoymercedes.com.ar\/principal\/wp-json\/wp\/v2\/media?parent=111025"}],"wp:term":[{"taxonomy":"category","embeddable":true,"href":"https:\/\/www.hoymercedes.com.ar\/principal\/wp-json\/wp\/v2\/categories?post=111025"},{"taxonomy":"post_tag","embeddable":true,"href":"https:\/\/www.hoymercedes.com.ar\/principal\/wp-json\/wp\/v2\/tags?post=111025"}],"curies":[{"name":"wp","href":"https:\/\/api.w.org\/{rel}","templated":true}]}}