{"id":111051,"date":"2020-05-23T10:11:00","date_gmt":"2020-05-23T13:11:00","guid":{"rendered":"http:\/\/www.hoymercedes.com.ar\/principal\/?p=111051"},"modified":"2020-05-23T12:42:32","modified_gmt":"2020-05-23T15:42:32","slug":"castracion-y-vacunacion-de-mascotas-reabre-con-turnos","status":"publish","type":"post","link":"https:\/\/www.hoymercedes.com.ar\/principal\/2020\/05\/23\/castracion-y-vacunacion-de-mascotas-reabre-con-turnos\/","title":{"rendered":"Castraci\u00f3n y vacunaci\u00f3n de mascotas reabre con turnos"},"content":{"rendered":"\n<p>Desde la Secretar\u00eda de Salud se inform\u00f3 que iniciar\u00e1n la apertura de las atenciones de mascotas desde el \u00e1rea de zoonosis. Ser\u00e1 bajo un estricto protocolo que se termin\u00f3 de confeccionar tras diversas evaluaciones y consideraciones. Ser\u00e1n con turno previos que pueden solicitarse desde el pr\u00f3ximo martes 26 de mayo.<\/p>\n\n\n\n<p>Con el objetivo de prevenir la propagaci\u00f3n del coronavirus COVID-19 en el marco de la pandemia declarada por la OMS en enero de 2020 y acorde a las estrategias sanitarias implementadas por el Ministerio de Salud de la Naci\u00f3n y el de la Provincia de Buenos Aires, despu\u00e9s de que la provincia autorice &nbsp;al centro de zoonosis en fase de reapertura progresiva, la ciudad dispone volver a la actividad programada de esterilizaci\u00f3n quir\u00fargica con turnos cada 45minutos en el centro de zoonosis de nuestra localidad, como as\u00ed tambi\u00e9n seguir con las vacunaciones antirr\u00e1bicas, respetando las recomendaciones dadas por la direcci\u00f3n de epidemiologia del ministerio de salud de la PBA.<\/p>\n\n\n\n<p>Es una nueva acci\u00f3n que se reabre, pero, como se insiste, bajo todas las normas socio sanitarias y especial cuidado del distanciamiento social preventivo. Qui\u00e9n no tenga turno no ser\u00e1 atendido, destacaron desde el \u00e1rea de zoonosis dependiente de la secretar\u00eda de salud. El tel\u00e9fono del \u00e1rea es 426571.<\/p>\n","protected":false},"excerpt":{"rendered":"<p>Desde la Secretar\u00eda de Salud se inform\u00f3 que iniciar\u00e1n la apertura de las atenciones de mascotas desde el \u00e1rea de &#8230; <a title=\"Castraci\u00f3n y vacunaci\u00f3n de mascotas reabre con turnos\" class=\"read-more\" href=\"https:\/\/www.hoymercedes.com.ar\/principal\/2020\/05\/23\/castracion-y-vacunacion-de-mascotas-reabre-con-turnos\/\" aria-label=\"Leer m\u00e1s sobre Castraci\u00f3n y vacunaci\u00f3n de mascotas reabre con turnos\">Leer m\u00e1s<\/a><\/p>\n","protected":false},"author":1,"featured_media":111052,"comment_status":"closed","ping_status":"open","sticky":false,"template":"","format":"standard","meta":{"_monsterinsights_skip_tracking":false,"_monsterinsights_sitenote_active":false,"_monsterinsights_sitenote_note":"","_monsterinsights_sitenote_category":0,"jetpack_post_was_ever_published":false,"_jetpack_newsletter_access":"","_jetpack_dont_email_post_to_subs":false,"_jetpack_newsletter_tier_id":0,"_jetpack_memberships_contains_paywalled_content":false,"_jetpack_memberships_contains_paid_content":false,"footnotes":"","jetpack_publicize_message":"","jetpack_publicize_feature_enabled":true,"jetpack_social_post_already_shared":true,"jetpack_social_options":{"image_generator_settings":{"template":"highway","default_image_id":0,"font":"","enabled":false},"version":2},"_wpas_customize_per_network":false},"categories":[30],"tags":[9830,244,16641,9831],"class_list":["post-111051","post","type-post","status-publish","format-standard","has-post-thumbnail","hentry","category-municipio","tag-castracion","tag-municipio-2","tag-vacunacion-antirabica","tag-veterinaria","generate-columns","tablet-grid-50","mobile-grid-100","grid-parent","grid-50"],"jetpack_publicize_connections":[],"jetpack_featured_media_url":"https:\/\/www.hoymercedes.com.ar\/principal\/wp-content\/uploads\/2020\/05\/23-Castracion.jpg","wps_subtitle":"","jetpack_sharing_enabled":true,"_links":{"self":[{"href":"https:\/\/www.hoymercedes.com.ar\/principal\/wp-json\/wp\/v2\/posts\/111051","targetHints":{"allow":["GET"]}}],"collection":[{"href":"https:\/\/www.hoymercedes.com.ar\/principal\/wp-json\/wp\/v2\/posts"}],"about":[{"href":"https:\/\/www.hoymercedes.com.ar\/principal\/wp-json\/wp\/v2\/types\/post"}],"author":[{"embeddable":true,"href":"https:\/\/www.hoymercedes.com.ar\/principal\/wp-json\/wp\/v2\/users\/1"}],"replies":[{"embeddable":true,"href":"https:\/\/www.hoymercedes.com.ar\/principal\/wp-json\/wp\/v2\/comments?post=111051"}],"version-history":[{"count":0,"href":"https:\/\/www.hoymercedes.com.ar\/principal\/wp-json\/wp\/v2\/posts\/111051\/revisions"}],"wp:featuredmedia":[{"embeddable":true,"href":"https:\/\/www.hoymercedes.com.ar\/principal\/wp-json\/wp\/v2\/media\/111052"}],"wp:attachment":[{"href":"https:\/\/www.hoymercedes.com.ar\/principal\/wp-json\/wp\/v2\/media?parent=111051"}],"wp:term":[{"taxonomy":"category","embeddable":true,"href":"https:\/\/www.hoymercedes.com.ar\/principal\/wp-json\/wp\/v2\/categories?post=111051"},{"taxonomy":"post_tag","embeddable":true,"href":"https:\/\/www.hoymercedes.com.ar\/principal\/wp-json\/wp\/v2\/tags?post=111051"}],"curies":[{"name":"wp","href":"https:\/\/api.w.org\/{rel}","templated":true}]}}