{"id":111064,"date":"2020-05-23T19:13:19","date_gmt":"2020-05-23T22:13:19","guid":{"rendered":"http:\/\/www.hoymercedes.com.ar\/principal\/?p=111064"},"modified":"2020-05-23T20:39:52","modified_gmt":"2020-05-23T23:39:52","slug":"coronavirus-areco-retoma-la-fase-1","status":"publish","type":"post","link":"https:\/\/www.hoymercedes.com.ar\/principal\/2020\/05\/23\/coronavirus-areco-retoma-la-fase-1\/","title":{"rendered":"Coronavirus: Areco retoma la fase 1"},"content":{"rendered":"\n<figure class=\"wp-block-image size-large is-resized\"><img loading=\"lazy\" decoding=\"async\" data-attachment-id=\"111065\" data-permalink=\"https:\/\/www.hoymercedes.com.ar\/principal\/2020\/05\/23\/coronavirus-areco-retoma-la-fase-1\/areco-afase1\/#main\" data-orig-file=\"https:\/\/www.hoymercedes.com.ar\/principal\/wp-content\/uploads\/2020\/05\/areco-afase1.jpeg\" data-orig-size=\"667,500\" data-comments-opened=\"0\" data-image-meta=\"{&quot;aperture&quot;:&quot;0&quot;,&quot;credit&quot;:&quot;&quot;,&quot;camera&quot;:&quot;&quot;,&quot;caption&quot;:&quot;&quot;,&quot;created_timestamp&quot;:&quot;0&quot;,&quot;copyright&quot;:&quot;&quot;,&quot;focal_length&quot;:&quot;0&quot;,&quot;iso&quot;:&quot;0&quot;,&quot;shutter_speed&quot;:&quot;0&quot;,&quot;title&quot;:&quot;&quot;,&quot;orientation&quot;:&quot;0&quot;}\" data-image-title=\"areco-afase1\" data-image-description=\"\" data-image-caption=\"\" data-large-file=\"https:\/\/www.hoymercedes.com.ar\/principal\/wp-content\/uploads\/2020\/05\/areco-afase1.jpeg\" src=\"https:\/\/www.hoymercedes.com.ar\/principal\/wp-content\/uploads\/2020\/05\/areco-afase1.jpeg\" alt=\"\" class=\"wp-image-111065\" width=\"958\" height=\"718\"\/><\/figure>\n\n\n\n<p>El intendente de San Antonio de Areco, Francisco Ratto, confirm\u00f3 que la localidad tuvo en una jornada 3 nuevos casos y decidi\u00f3 retrotraer las aperturas que hab\u00eda efectuado. El jueves pasado hab\u00edan anunciado un caso y los 3 nuevos tuvieron contacto con la paciente anterior.<\/p>\n\n\n\n<p>\u201cVoy a firmar un decreto para establecer 14 d\u00edas de cuarentena a partir de ma\u00f1ana\u201d dijo el intendente Ratto quien adem\u00e1s anunci\u00f3 la vuelta a la fase 1. \u201cPor no respetar el aislamiento, hoy Areco vuelve para atr\u00e1s\u201d concluy\u00f3.<\/p>\n","protected":false},"excerpt":{"rendered":"<p>El intendente de San Antonio de Areco, Francisco Ratto, confirm\u00f3 que la localidad tuvo en una jornada 3 nuevos casos &#8230; <a title=\"Coronavirus: Areco retoma la fase 1\" class=\"read-more\" href=\"https:\/\/www.hoymercedes.com.ar\/principal\/2020\/05\/23\/coronavirus-areco-retoma-la-fase-1\/\" aria-label=\"Leer m\u00e1s sobre Coronavirus: Areco retoma la fase 1\">Leer m\u00e1s<\/a><\/p>\n","protected":false},"author":1,"featured_media":111065,"comment_status":"closed","ping_status":"open","sticky":false,"template":"","format":"standard","meta":{"_monsterinsights_skip_tracking":false,"_monsterinsights_sitenote_active":false,"_monsterinsights_sitenote_note":"","_monsterinsights_sitenote_category":0,"jetpack_post_was_ever_published":false,"_jetpack_newsletter_access":"","_jetpack_dont_email_post_to_subs":false,"_jetpack_newsletter_tier_id":0,"_jetpack_memberships_contains_paywalled_content":false,"_jetpack_memberships_contains_paid_content":false,"footnotes":"","jetpack_publicize_message":"","jetpack_publicize_feature_enabled":true,"jetpack_social_post_already_shared":true,"jetpack_social_options":{"image_generator_settings":{"template":"highway","default_image_id":0,"font":"","enabled":false},"version":2},"_wpas_customize_per_network":false},"categories":[5501],"tags":[16175,16477,9322,2427],"class_list":["post-111064","post","type-post","status-publish","format-standard","has-post-thumbnail","hentry","category-region","tag-coronavirus","tag-covid-19-desinfeccion","tag-region","tag-san-antonio-de-areco","generate-columns","tablet-grid-50","mobile-grid-100","grid-parent","grid-50"],"jetpack_publicize_connections":[],"jetpack_featured_media_url":"https:\/\/www.hoymercedes.com.ar\/principal\/wp-content\/uploads\/2020\/05\/areco-afase1.jpeg","wps_subtitle":"Informaci\u00f3n regional","jetpack_sharing_enabled":true,"jetpack-related-posts":[{"id":108735,"url":"https:\/\/www.hoymercedes.com.ar\/principal\/2020\/03\/31\/coronavirus-fallecio-vecino-de-san-antonio-de-areco\/","url_meta":{"origin":111064,"position":0},"title":"Coronavirus: falleci\u00f3 vecino de San Antonio de Areco","author":"hoymercedes","date":"31 marzo, 2020","format":false,"excerpt":"En la ma\u00f1ana del martes, el\u00a0intendente de San Antonio de Areco, Francisco Ratto,\u00a0junto a su secretario de salud Dr. Fernando Spina y parte del Departamento Ejecutivo, realizaron una conferencia de prensa para manifestar la situaci\u00f3n actual de coronavirus en dicha ciudad. Fue el propio intendente quien dijo\u00a0\u201clamentablemente un vecino de\u2026","rel":"","context":"En \u00abRegi\u00f3n\u00bb","block_context":{"text":"Regi\u00f3n","link":"https:\/\/www.hoymercedes.com.ar\/principal\/category\/region\/"},"img":{"alt_text":"","src":"https:\/\/i0.wp.com\/www.hoymercedes.com.ar\/principal\/wp-content\/uploads\/2020\/03\/31-areco.jpeg?resize=350%2C200&ssl=1","width":350,"height":200,"srcset":"https:\/\/i0.wp.com\/www.hoymercedes.com.ar\/principal\/wp-content\/uploads\/2020\/03\/31-areco.jpeg?resize=350%2C200&ssl=1 1x, https:\/\/i0.wp.com\/www.hoymercedes.com.ar\/principal\/wp-content\/uploads\/2020\/03\/31-areco.jpeg?resize=525%2C300&ssl=1 1.5x, https:\/\/i0.wp.com\/www.hoymercedes.com.ar\/principal\/wp-content\/uploads\/2020\/03\/31-areco.jpeg?resize=700%2C400&ssl=1 2x"},"classes":[]},{"id":172761,"url":"https:\/\/www.hoymercedes.com.ar\/principal\/2024\/02\/10\/san-antonio-de-areco-lleva-10-dias-el-paro-de-municipales\/","url_meta":{"origin":111064,"position":1},"title":"San Antonio de Areco lleva 10 d\u00edas el paro de municipales","author":"hoymercedes","date":"10 febrero, 2024","format":false,"excerpt":"El fuerte impacto del ajuste de Milei y Juntos, de donde proviene el intendente de dicha localidad, ha generado un fuerte reclamo en la localidad de San Antonio de Areco, algo pocas veces visto. Llevan 10 d\u00edas de paro los empleados municipales. Al no haber acuerdo paritario, algo que s\u00ed\u2026","rel":"","context":"En \u00abRegi\u00f3n\u00bb","block_context":{"text":"Regi\u00f3n","link":"https:\/\/www.hoymercedes.com.ar\/principal\/category\/region\/"},"img":{"alt_text":"","src":"https:\/\/i0.wp.com\/www.hoymercedes.com.ar\/principal\/wp-content\/uploads\/2024\/02\/Reclamo-TrabajadoresMunicopales-Areco.jpg?resize=350%2C200&ssl=1","width":350,"height":200,"srcset":"https:\/\/i0.wp.com\/www.hoymercedes.com.ar\/principal\/wp-content\/uploads\/2024\/02\/Reclamo-TrabajadoresMunicopales-Areco.jpg?resize=350%2C200&ssl=1 1x, https:\/\/i0.wp.com\/www.hoymercedes.com.ar\/principal\/wp-content\/uploads\/2024\/02\/Reclamo-TrabajadoresMunicopales-Areco.jpg?resize=525%2C300&ssl=1 1.5x, https:\/\/i0.wp.com\/www.hoymercedes.com.ar\/principal\/wp-content\/uploads\/2024\/02\/Reclamo-TrabajadoresMunicopales-Areco.jpg?resize=700%2C400&ssl=1 2x, https:\/\/i0.wp.com\/www.hoymercedes.com.ar\/principal\/wp-content\/uploads\/2024\/02\/Reclamo-TrabajadoresMunicopales-Areco.jpg?resize=1050%2C600&ssl=1 3x, https:\/\/i0.wp.com\/www.hoymercedes.com.ar\/principal\/wp-content\/uploads\/2024\/02\/Reclamo-TrabajadoresMunicopales-Areco.jpg?resize=1400%2C800&ssl=1 4x"},"classes":[]},{"id":130794,"url":"https:\/\/www.hoymercedes.com.ar\/principal\/2021\/05\/27\/san-antonio-de-areco-iniciara-el-tratamiento-contra-el-covid-con-ivermectina\/","url_meta":{"origin":111064,"position":2},"title":"San Antonio de Areco: iniciar\u00e1 el tratamiento contra el covid con Ivermectina","author":"hoymercedes","date":"27 mayo, 2021","format":false,"excerpt":"En la jornada del mi\u00e9rcoles \u00faltimo, las autoridades de San Antonio de Areco confirmaron que su localidad ser\u00e1 pionero en la provincia de Buenos Aires de un estudio con\u00a0el medicamento\u00a0Ivermectina. Con la presencia del intendente de Areco Francisco Ratto, y el Dr. Alejandro Krolewiecki, investigador del CONICET, dieron a conocer\u2026","rel":"","context":"En \u00abRegi\u00f3n\u00bb","block_context":{"text":"Regi\u00f3n","link":"https:\/\/www.hoymercedes.com.ar\/principal\/category\/region\/"},"img":{"alt_text":"","src":"https:\/\/i0.wp.com\/www.hoymercedes.com.ar\/principal\/wp-content\/uploads\/2021\/05\/26.5-ivermec-1.jpg?resize=350%2C200&ssl=1","width":350,"height":200,"srcset":"https:\/\/i0.wp.com\/www.hoymercedes.com.ar\/principal\/wp-content\/uploads\/2021\/05\/26.5-ivermec-1.jpg?resize=350%2C200&ssl=1 1x, https:\/\/i0.wp.com\/www.hoymercedes.com.ar\/principal\/wp-content\/uploads\/2021\/05\/26.5-ivermec-1.jpg?resize=525%2C300&ssl=1 1.5x, https:\/\/i0.wp.com\/www.hoymercedes.com.ar\/principal\/wp-content\/uploads\/2021\/05\/26.5-ivermec-1.jpg?resize=700%2C400&ssl=1 2x"},"classes":[]},{"id":111438,"url":"https:\/\/www.hoymercedes.com.ar\/principal\/2020\/05\/30\/coronavirus-la-region-sigue-sumando-casos-positivos\/","url_meta":{"origin":111064,"position":3},"title":"Coronavirus: la regi\u00f3n sigue sumando casos positivos","author":"hoymercedes","date":"30 mayo, 2020","format":false,"excerpt":"Capit\u00e1n Sarmiento confirm\u00f3 dos nuevos casos, llegando a cuatro en total. El Municipio dispuso la cancelaci\u00f3n de actividades que estaban permitidas, entre ellas las salidas recreativas y deportes individuales, as\u00ed como el cierre de comercios no esenciales. Por su parte, la empresa Granja Tres Arroyos, donde trabaja uno de los\u2026","rel":"","context":"En \u00abSalud\u00bb","block_context":{"text":"Salud","link":"https:\/\/www.hoymercedes.com.ar\/principal\/category\/salud\/"},"img":{"alt_text":"","src":"https:\/\/i0.wp.com\/www.hoymercedes.com.ar\/principal\/wp-content\/uploads\/2020\/04\/17-coronavirus.jpg?resize=350%2C200&ssl=1","width":350,"height":200,"srcset":"https:\/\/i0.wp.com\/www.hoymercedes.com.ar\/principal\/wp-content\/uploads\/2020\/04\/17-coronavirus.jpg?resize=350%2C200&ssl=1 1x, https:\/\/i0.wp.com\/www.hoymercedes.com.ar\/principal\/wp-content\/uploads\/2020\/04\/17-coronavirus.jpg?resize=525%2C300&ssl=1 1.5x, https:\/\/i0.wp.com\/www.hoymercedes.com.ar\/principal\/wp-content\/uploads\/2020\/04\/17-coronavirus.jpg?resize=700%2C400&ssl=1 2x"},"classes":[]},{"id":101863,"url":"https:\/\/www.hoymercedes.com.ar\/principal\/2019\/10\/28\/region-como-fueron-los-resultados\/","url_meta":{"origin":111064,"position":4},"title":"Regi\u00f3n: \u00bfC\u00f3mo fueron los resultados?","author":"hoymercedes","date":"28 octubre, 2019","format":false,"excerpt":"Un dato que siempre es de inter\u00e9s es el resultado de intendencias de la regi\u00f3n. Finalizado el acto electoral algunas de ellas dieron nuevas intendencias, la mayor\u00eda, mientras que otras mantuvieron los mismos mandatarios. Votaci\u00f3n Chivilcoy: Gan\u00f3 Britos siendo reelecto y a nivel nacional gan\u00f3 Fern\u00e1ndez Luj\u00e1n: Gan\u00f3 Botto generando\u2026","rel":"","context":"En \u00abPol\u00edtica\u00bb","block_context":{"text":"Pol\u00edtica","link":"https:\/\/www.hoymercedes.com.ar\/principal\/category\/politica\/"},"img":{"alt_text":"","src":"https:\/\/i0.wp.com\/www.hoymercedes.com.ar\/principal\/wp-content\/uploads\/2019\/10\/Provincia.jpg?resize=350%2C200&ssl=1","width":350,"height":200,"srcset":"https:\/\/i0.wp.com\/www.hoymercedes.com.ar\/principal\/wp-content\/uploads\/2019\/10\/Provincia.jpg?resize=350%2C200&ssl=1 1x, https:\/\/i0.wp.com\/www.hoymercedes.com.ar\/principal\/wp-content\/uploads\/2019\/10\/Provincia.jpg?resize=525%2C300&ssl=1 1.5x, https:\/\/i0.wp.com\/www.hoymercedes.com.ar\/principal\/wp-content\/uploads\/2019\/10\/Provincia.jpg?resize=700%2C400&ssl=1 2x, https:\/\/i0.wp.com\/www.hoymercedes.com.ar\/principal\/wp-content\/uploads\/2019\/10\/Provincia.jpg?resize=1050%2C600&ssl=1 3x"},"classes":[]},{"id":111243,"url":"https:\/\/www.hoymercedes.com.ar\/principal\/2020\/05\/27\/coronavirus-25-de-mayo-y-lobos-se-suman-a-las-ciudades-con-casos-positivos-en-la-region\/","url_meta":{"origin":111064,"position":5},"title":"Coronavirus: 25 de Mayo y Lobos se suman a las ciudades con casos positivos en la regi\u00f3n","author":"hoymercedes","date":"27 mayo, 2020","format":false,"excerpt":"El crecimiento de casos y muertes por Covid-19 empez\u00f3 a atacar tambi\u00e9n la regi\u00f3n. A San Antonio de Areco que pas\u00f3 r\u00e1pidamente a tener 17 positivos se suman ahora Lobos y 25 de Mayo, estas \u00faltimas ciudades que ven\u00edan sin tener, hasta ahora. En 25 de Mayo se trata de\u2026","rel":"","context":"En \u00abSociedad\u00bb","block_context":{"text":"Sociedad","link":"https:\/\/www.hoymercedes.com.ar\/principal\/category\/sociedad\/"},"img":{"alt_text":"","src":"https:\/\/i0.wp.com\/www.hoymercedes.com.ar\/principal\/wp-content\/uploads\/2020\/05\/covid-pandemia.jpg?resize=350%2C200&ssl=1","width":350,"height":200,"srcset":"https:\/\/i0.wp.com\/www.hoymercedes.com.ar\/principal\/wp-content\/uploads\/2020\/05\/covid-pandemia.jpg?resize=350%2C200&ssl=1 1x, https:\/\/i0.wp.com\/www.hoymercedes.com.ar\/principal\/wp-content\/uploads\/2020\/05\/covid-pandemia.jpg?resize=525%2C300&ssl=1 1.5x, https:\/\/i0.wp.com\/www.hoymercedes.com.ar\/principal\/wp-content\/uploads\/2020\/05\/covid-pandemia.jpg?resize=700%2C400&ssl=1 2x"},"classes":[]}],"_links":{"self":[{"href":"https:\/\/www.hoymercedes.com.ar\/principal\/wp-json\/wp\/v2\/posts\/111064","targetHints":{"allow":["GET"]}}],"collection":[{"href":"https:\/\/www.hoymercedes.com.ar\/principal\/wp-json\/wp\/v2\/posts"}],"about":[{"href":"https:\/\/www.hoymercedes.com.ar\/principal\/wp-json\/wp\/v2\/types\/post"}],"author":[{"embeddable":true,"href":"https:\/\/www.hoymercedes.com.ar\/principal\/wp-json\/wp\/v2\/users\/1"}],"replies":[{"embeddable":true,"href":"https:\/\/www.hoymercedes.com.ar\/principal\/wp-json\/wp\/v2\/comments?post=111064"}],"version-history":[{"count":0,"href":"https:\/\/www.hoymercedes.com.ar\/principal\/wp-json\/wp\/v2\/posts\/111064\/revisions"}],"wp:featuredmedia":[{"embeddable":true,"href":"https:\/\/www.hoymercedes.com.ar\/principal\/wp-json\/wp\/v2\/media\/111065"}],"wp:attachment":[{"href":"https:\/\/www.hoymercedes.com.ar\/principal\/wp-json\/wp\/v2\/media?parent=111064"}],"wp:term":[{"taxonomy":"category","embeddable":true,"href":"https:\/\/www.hoymercedes.com.ar\/principal\/wp-json\/wp\/v2\/categories?post=111064"},{"taxonomy":"post_tag","embeddable":true,"href":"https:\/\/www.hoymercedes.com.ar\/principal\/wp-json\/wp\/v2\/tags?post=111064"}],"curies":[{"name":"wp","href":"https:\/\/api.w.org\/{rel}","templated":true}]}}