{"id":111092,"date":"2020-05-23T21:45:28","date_gmt":"2020-05-24T00:45:28","guid":{"rendered":"http:\/\/www.hoymercedes.com.ar\/principal\/?p=111092"},"modified":"2020-05-23T21:59:51","modified_gmt":"2020-05-24T00:59:51","slug":"primer-service-del-laboratorio-de-virologia-molecular","status":"publish","type":"post","link":"https:\/\/www.hoymercedes.com.ar\/principal\/2020\/05\/23\/primer-service-del-laboratorio-de-virologia-molecular\/","title":{"rendered":"Primer \u00abservice\u00bb del Laboratorio de Virologia Molecular"},"content":{"rendered":"\n<p>Por Prensa Municipal &#8211; El Laboratorio de Virolog\u00eda Molecular ser\u00e1 objeto del primer service de calibraci\u00f3n y verificaci\u00f3n del funcionamiento de equipos de uso esenciales para su funcionamiento, tal como corresponde a acciones de tan fina tarea como las que realiza. <\/p>\n\n\n\n<p>Aprovechando el fin de semana largo la direcci\u00f3n el Hospital Blas L. Dubarry decidi\u00f3 que los casos sospechosos que se requieran analizar durante el fin de semana se dirijan a la ciudad de La Plata.<\/p>\n\n\n\n<p>En los pr\u00f3ximos d\u00edas, incluidos este fin de semana largo en el marco de la cuarentena social, se recalibrar\u00e1n equipos que son de primera tecnolog\u00eda en la ciudad de Buenos Aires .<\/p>\n\n\n\n<p>Esta situaci\u00f3n no impedir\u00e1 el cuidado de los vecinos sino que, por el contrario, es para continuar mejorando y ampliando servicios de protecci\u00f3n para todos y todas.<\/p>\n","protected":false},"excerpt":{"rendered":"<p>Por Prensa Municipal &#8211; El Laboratorio de Virolog\u00eda Molecular ser\u00e1 objeto del primer service de calibraci\u00f3n y verificaci\u00f3n del funcionamiento &#8230; <a title=\"Primer \u00abservice\u00bb del Laboratorio de Virologia Molecular\" class=\"read-more\" href=\"https:\/\/www.hoymercedes.com.ar\/principal\/2020\/05\/23\/primer-service-del-laboratorio-de-virologia-molecular\/\" aria-label=\"Leer m\u00e1s sobre Primer \u00abservice\u00bb del Laboratorio de Virologia Molecular\">Leer m\u00e1s<\/a><\/p>\n","protected":false},"author":1,"featured_media":101369,"comment_status":"closed","ping_status":"open","sticky":false,"template":"","format":"standard","meta":{"_monsterinsights_skip_tracking":false,"_monsterinsights_sitenote_active":false,"_monsterinsights_sitenote_note":"","_monsterinsights_sitenote_category":0,"jetpack_post_was_ever_published":false,"_jetpack_newsletter_access":"","_jetpack_dont_email_post_to_subs":false,"_jetpack_newsletter_tier_id":0,"_jetpack_memberships_contains_paywalled_content":false,"_jetpack_memberships_contains_paid_content":false,"footnotes":"","jetpack_publicize_message":"","jetpack_publicize_feature_enabled":true,"jetpack_social_post_already_shared":true,"jetpack_social_options":{"image_generator_settings":{"template":"highway","default_image_id":0,"font":"","enabled":false},"version":2},"_wpas_customize_per_network":false},"categories":[30],"tags":[624,16547],"class_list":["post-111092","post","type-post","status-publish","format-standard","has-post-thumbnail","hentry","category-municipio","tag-hospital-blas-l-dubarry","tag-laboratorio-de-virologia-molecular","generate-columns","tablet-grid-50","mobile-grid-100","grid-parent","grid-50"],"jetpack_publicize_connections":[],"jetpack_featured_media_url":"https:\/\/www.hoymercedes.com.ar\/principal\/wp-content\/uploads\/2019\/10\/laboratory-2815643_1280.jpg","wps_subtitle":"","jetpack_sharing_enabled":true,"_links":{"self":[{"href":"https:\/\/www.hoymercedes.com.ar\/principal\/wp-json\/wp\/v2\/posts\/111092","targetHints":{"allow":["GET"]}}],"collection":[{"href":"https:\/\/www.hoymercedes.com.ar\/principal\/wp-json\/wp\/v2\/posts"}],"about":[{"href":"https:\/\/www.hoymercedes.com.ar\/principal\/wp-json\/wp\/v2\/types\/post"}],"author":[{"embeddable":true,"href":"https:\/\/www.hoymercedes.com.ar\/principal\/wp-json\/wp\/v2\/users\/1"}],"replies":[{"embeddable":true,"href":"https:\/\/www.hoymercedes.com.ar\/principal\/wp-json\/wp\/v2\/comments?post=111092"}],"version-history":[{"count":0,"href":"https:\/\/www.hoymercedes.com.ar\/principal\/wp-json\/wp\/v2\/posts\/111092\/revisions"}],"wp:featuredmedia":[{"embeddable":true,"href":"https:\/\/www.hoymercedes.com.ar\/principal\/wp-json\/wp\/v2\/media\/101369"}],"wp:attachment":[{"href":"https:\/\/www.hoymercedes.com.ar\/principal\/wp-json\/wp\/v2\/media?parent=111092"}],"wp:term":[{"taxonomy":"category","embeddable":true,"href":"https:\/\/www.hoymercedes.com.ar\/principal\/wp-json\/wp\/v2\/categories?post=111092"},{"taxonomy":"post_tag","embeddable":true,"href":"https:\/\/www.hoymercedes.com.ar\/principal\/wp-json\/wp\/v2\/tags?post=111092"}],"curies":[{"name":"wp","href":"https:\/\/api.w.org\/{rel}","templated":true}]}}