{"id":111158,"date":"2020-05-25T17:22:42","date_gmt":"2020-05-25T20:22:42","guid":{"rendered":"http:\/\/www.hoymercedes.com.ar\/principal\/?p=111158"},"modified":"2020-05-25T17:34:11","modified_gmt":"2020-05-25T20:34:11","slug":"internos-de-la-carcel-local-elaboraron-pasteles-y-pan-para-merenderos-y-ollas-populares","status":"publish","type":"post","link":"https:\/\/www.hoymercedes.com.ar\/principal\/2020\/05\/25\/internos-de-la-carcel-local-elaboraron-pasteles-y-pan-para-merenderos-y-ollas-populares\/","title":{"rendered":"Internos de la c\u00e1rcel local elaboraron pasteles y pan para merenderos y ollas populares"},"content":{"rendered":"\n<p><em><strong>El emprendimiento solidario de la Unidad Penitenciaria N\u00b0 5 de Mercedes produjo 300 pasteles y 200 kilos de pan que se distribuyeron en cuatro barrios y una escuela. Se trabaj\u00f3 en conjunto con All Boys Solidario, ex Combatientes de Malvinas y la Secretar\u00eda de Desarrollo Social del Municipio. <\/strong><\/em><\/p>\n\n\n\n<figure class=\"wp-block-image size-large\"><img loading=\"lazy\" decoding=\"async\" width=\"800\" height=\"533\" data-attachment-id=\"111162\" data-permalink=\"https:\/\/www.hoymercedes.com.ar\/principal\/2020\/05\/25\/internos-de-la-carcel-local-elaboraron-pasteles-y-pan-para-merenderos-y-ollas-populares\/25-carcel-pastelitos-4\/#main\" data-orig-file=\"https:\/\/www.hoymercedes.com.ar\/principal\/wp-content\/uploads\/2020\/05\/25-carcel-pastelitos-4.jpeg\" data-orig-size=\"800,533\" data-comments-opened=\"0\" data-image-meta=\"{&quot;aperture&quot;:&quot;0&quot;,&quot;credit&quot;:&quot;&quot;,&quot;camera&quot;:&quot;&quot;,&quot;caption&quot;:&quot;&quot;,&quot;created_timestamp&quot;:&quot;0&quot;,&quot;copyright&quot;:&quot;&quot;,&quot;focal_length&quot;:&quot;0&quot;,&quot;iso&quot;:&quot;0&quot;,&quot;shutter_speed&quot;:&quot;0&quot;,&quot;title&quot;:&quot;&quot;,&quot;orientation&quot;:&quot;0&quot;}\" data-image-title=\"25 carcel pastelitos 4\" data-image-description=\"\" data-image-caption=\"\" data-large-file=\"https:\/\/www.hoymercedes.com.ar\/principal\/wp-content\/uploads\/2020\/05\/25-carcel-pastelitos-4.jpeg\" src=\"https:\/\/www.hoymercedes.com.ar\/principal\/wp-content\/uploads\/2020\/05\/25-carcel-pastelitos-4.jpeg\" alt=\"\" class=\"wp-image-111162\"\/><\/figure>\n\n\n\n<hr class=\"wp-block-separator has-text-color has-background has-vivid-cyan-blue-background-color has-vivid-cyan-blue-color\"\/>\n\n\n\n<p>Los internos de la panader\u00eda que funciona en la c\u00e1rcel de Mercedes elaboraron 300 pasteles y 200 kilos de pan para ser distribuidos en cinco ollas populares en el que se sirvieron locro y guisos por la celebraci\u00f3n del D\u00eda de la Patria. Los internos donaron la mano de obra y elaboraron los pasteles y los panificados para ser distribuidos por All Boys Solidario y la Secretar\u00eda de Desarrollo Social del Municipio.<\/p>\n\n\n\n<p>Los 300 pasteles fueron solicitados por Omar Luis Gonz\u00e1lez y Mar\u00eda Magdalena Del Gi\u00fadice, de All Boys Solidario, y bajo la coordinaci\u00f3n de los maestros panaderos Luis Mariani y Tom\u00e1s Carballo, funcionarios penitenciarios de la Unidad 5, los privados de libertad elaboraron lo solicitado, que fue distribuido en un merendero.<\/p>\n\n\n\n<p>En tanto, tambi\u00e9n se elaboraron 200 kilos de pan que acompa\u00f1aron al locro cocinado y servido por ex combatientes del Centro de Veteranos de Guerra de Malvinas en la Escuela N\u00b0 36, ubicada en 32 entre 57 y 61, y guisos servidos en ollas populares servidas por la Secretar\u00eda de Desarrollo Social.<\/p>\n\n\n\n<figure class=\"wp-block-image size-large\"><img loading=\"lazy\" decoding=\"async\" width=\"800\" height=\"533\" data-attachment-id=\"111159\" data-permalink=\"https:\/\/www.hoymercedes.com.ar\/principal\/2020\/05\/25\/internos-de-la-carcel-local-elaboraron-pasteles-y-pan-para-merenderos-y-ollas-populares\/25-carcel-pastelitos-1\/#main\" data-orig-file=\"https:\/\/www.hoymercedes.com.ar\/principal\/wp-content\/uploads\/2020\/05\/25-carcel-pastelitos-1.jpeg\" data-orig-size=\"800,533\" data-comments-opened=\"0\" data-image-meta=\"{&quot;aperture&quot;:&quot;0&quot;,&quot;credit&quot;:&quot;&quot;,&quot;camera&quot;:&quot;&quot;,&quot;caption&quot;:&quot;&quot;,&quot;created_timestamp&quot;:&quot;0&quot;,&quot;copyright&quot;:&quot;&quot;,&quot;focal_length&quot;:&quot;0&quot;,&quot;iso&quot;:&quot;0&quot;,&quot;shutter_speed&quot;:&quot;0&quot;,&quot;title&quot;:&quot;&quot;,&quot;orientation&quot;:&quot;0&quot;}\" data-image-title=\"25 carcel pastelitos 1\" data-image-description=\"\" data-image-caption=\"\" data-large-file=\"https:\/\/www.hoymercedes.com.ar\/principal\/wp-content\/uploads\/2020\/05\/25-carcel-pastelitos-1.jpeg\" src=\"https:\/\/www.hoymercedes.com.ar\/principal\/wp-content\/uploads\/2020\/05\/25-carcel-pastelitos-1.jpeg\" alt=\"\" class=\"wp-image-111159\"\/><\/figure>\n\n\n\n<p>Los panes caseros producidos en la c\u00e1rcel llegaron a las ollas populares del Barrio San Mart\u00edn (Centro Comunitario 2 y 65), Barrio Unidad y Progreso (Galp\u00f3n 26 y 55), Agote \u00abLuminares en el mundo\u00bb y Gowland Sociedad de Fomento.<\/p>\n\n\n\n<p>Cabe destacar que los internos que trabajan en la panader\u00eda de la Unidad 5 aprobaron los cursos dictados por el Centro de Formaci\u00f3n Profesional N\u00b0 401 de panificados y confituras, y tomaron los cursos de manipulaci\u00f3n de Alimentos del Centro Educativo Agrario N\u00b0 9.<br>Los internos realizaron sus tareas bajo estrictas medidas de bioseguridad y los veh\u00edculos oficiales que llevaron la producci\u00f3n fueron desinfectados tanto al ingreso como al egreso del penal.<\/p>\n\n\n\n<p>Estas actividades son impulsadas por el Ministerio de Justicia y Derechos Humanos de la provincia de Buenos Aires y se coordinan y llevan a la pr\u00e1ctica a trav\u00e9s de la Direcci\u00f3n General de Asistencia y Tratamiento y la Subdirecci\u00f3n General de Trabajo Penitenciario. La semana pasada se brind\u00f3 un informe en el que se detalla que unos 400 internos alojados en c\u00e1rceles bonaerenses elaboran cerca de 10.000 kilos de pan diarios para autoconsumo de la poblaci\u00f3n carcelaria de la Provincia.<\/p>\n\n\n\n<figure class=\"wp-block-image size-large\"><img loading=\"lazy\" decoding=\"async\" width=\"800\" height=\"533\" data-attachment-id=\"111161\" data-permalink=\"https:\/\/www.hoymercedes.com.ar\/principal\/2020\/05\/25\/internos-de-la-carcel-local-elaboraron-pasteles-y-pan-para-merenderos-y-ollas-populares\/25-carcel-pastelitos-3\/#main\" data-orig-file=\"https:\/\/www.hoymercedes.com.ar\/principal\/wp-content\/uploads\/2020\/05\/25-carcel-pastelitos-3.jpeg\" data-orig-size=\"800,533\" data-comments-opened=\"0\" data-image-meta=\"{&quot;aperture&quot;:&quot;0&quot;,&quot;credit&quot;:&quot;&quot;,&quot;camera&quot;:&quot;&quot;,&quot;caption&quot;:&quot;&quot;,&quot;created_timestamp&quot;:&quot;0&quot;,&quot;copyright&quot;:&quot;&quot;,&quot;focal_length&quot;:&quot;0&quot;,&quot;iso&quot;:&quot;0&quot;,&quot;shutter_speed&quot;:&quot;0&quot;,&quot;title&quot;:&quot;&quot;,&quot;orientation&quot;:&quot;0&quot;}\" data-image-title=\"25 carcel pastelitos 3\" data-image-description=\"\" data-image-caption=\"\" data-large-file=\"https:\/\/www.hoymercedes.com.ar\/principal\/wp-content\/uploads\/2020\/05\/25-carcel-pastelitos-3.jpeg\" src=\"https:\/\/www.hoymercedes.com.ar\/principal\/wp-content\/uploads\/2020\/05\/25-carcel-pastelitos-3.jpeg\" alt=\"\" class=\"wp-image-111161\"\/><\/figure>\n","protected":false},"excerpt":{"rendered":"<p>El emprendimiento solidario de la Unidad Penitenciaria N\u00b0 5 de Mercedes produjo 300 pasteles y 200 kilos de pan que &#8230; <a title=\"Internos de la c\u00e1rcel local elaboraron pasteles y pan para merenderos y ollas populares\" class=\"read-more\" href=\"https:\/\/www.hoymercedes.com.ar\/principal\/2020\/05\/25\/internos-de-la-carcel-local-elaboraron-pasteles-y-pan-para-merenderos-y-ollas-populares\/\" aria-label=\"Leer m\u00e1s sobre Internos de la c\u00e1rcel local elaboraron pasteles y pan para merenderos y ollas populares\">Leer m\u00e1s<\/a><\/p>\n","protected":false},"author":1,"featured_media":111160,"comment_status":"closed","ping_status":"open","sticky":false,"template":"","format":"standard","meta":{"_monsterinsights_skip_tracking":false,"_monsterinsights_sitenote_active":false,"_monsterinsights_sitenote_note":"","_monsterinsights_sitenote_category":0,"jetpack_post_was_ever_published":false,"_jetpack_newsletter_access":"","_jetpack_dont_email_post_to_subs":false,"_jetpack_newsletter_tier_id":0,"_jetpack_memberships_contains_paywalled_content":false,"_jetpack_memberships_contains_paid_content":false,"footnotes":"","jetpack_publicize_message":"","jetpack_publicize_feature_enabled":true,"jetpack_social_post_already_shared":true,"jetpack_social_options":{"image_generator_settings":{"template":"highway","default_image_id":0,"font":"","enabled":false},"version":2},"_wpas_customize_per_network":false},"categories":[8],"tags":[801,9918,7802,3361],"class_list":["post-111158","post","type-post","status-publish","format-standard","has-post-thumbnail","hentry","category-sociedad","tag-carcel-mercedes","tag-internos","tag-sociedad","tag-solidaridad","generate-columns","tablet-grid-50","mobile-grid-100","grid-parent","grid-50"],"jetpack_publicize_connections":[],"jetpack_featured_media_url":"https:\/\/www.hoymercedes.com.ar\/principal\/wp-content\/uploads\/2020\/05\/25-carcel-pastelitos-2.jpeg","wps_subtitle":"Para celebrar el 25 de Mayo","jetpack_sharing_enabled":true,"_links":{"self":[{"href":"https:\/\/www.hoymercedes.com.ar\/principal\/wp-json\/wp\/v2\/posts\/111158","targetHints":{"allow":["GET"]}}],"collection":[{"href":"https:\/\/www.hoymercedes.com.ar\/principal\/wp-json\/wp\/v2\/posts"}],"about":[{"href":"https:\/\/www.hoymercedes.com.ar\/principal\/wp-json\/wp\/v2\/types\/post"}],"author":[{"embeddable":true,"href":"https:\/\/www.hoymercedes.com.ar\/principal\/wp-json\/wp\/v2\/users\/1"}],"replies":[{"embeddable":true,"href":"https:\/\/www.hoymercedes.com.ar\/principal\/wp-json\/wp\/v2\/comments?post=111158"}],"version-history":[{"count":0,"href":"https:\/\/www.hoymercedes.com.ar\/principal\/wp-json\/wp\/v2\/posts\/111158\/revisions"}],"wp:featuredmedia":[{"embeddable":true,"href":"https:\/\/www.hoymercedes.com.ar\/principal\/wp-json\/wp\/v2\/media\/111160"}],"wp:attachment":[{"href":"https:\/\/www.hoymercedes.com.ar\/principal\/wp-json\/wp\/v2\/media?parent=111158"}],"wp:term":[{"taxonomy":"category","embeddable":true,"href":"https:\/\/www.hoymercedes.com.ar\/principal\/wp-json\/wp\/v2\/categories?post=111158"},{"taxonomy":"post_tag","embeddable":true,"href":"https:\/\/www.hoymercedes.com.ar\/principal\/wp-json\/wp\/v2\/tags?post=111158"}],"curies":[{"name":"wp","href":"https:\/\/api.w.org\/{rel}","templated":true}]}}