{"id":111165,"date":"2020-05-25T18:30:00","date_gmt":"2020-05-25T21:30:00","guid":{"rendered":"http:\/\/www.hoymercedes.com.ar\/principal\/?p=111165"},"modified":"2020-05-25T18:59:28","modified_gmt":"2020-05-25T21:59:28","slug":"tedeum-del-25-de-mayo-en-la-catedral-de-mercedes","status":"publish","type":"post","link":"https:\/\/www.hoymercedes.com.ar\/principal\/2020\/05\/25\/tedeum-del-25-de-mayo-en-la-catedral-de-mercedes\/","title":{"rendered":"TeDeum del 25 de Mayo en la Catedral de Mercedes"},"content":{"rendered":"\n<p>El Arzobispo de Mercedes- Luj\u00e1n, Jorge Eduardo Scheinig presidi\u00f3 el Te Deum este lunes 25 de mayo en la Catedral Metropolitana Bas\u00edlica Nuestra Se\u00f1ora de las Mercedes, a puertas cerradas. Durante la homil\u00eda, hizo suyo y ley\u00f3 el mensaje del Equipo Arquidiocesano de Pastoral Social, que compartimos y convoc\u00f3 a todas las comunidades de la arquidi\u00f3cesis a vivir la salud de la confianza, de la esperanza y del servicio. <\/p>\n\n\n\n<figure class=\"wp-block-embed-youtube wp-block-embed is-type-video is-provider-youtube wp-embed-aspect-16-9 wp-has-aspect-ratio\"><div class=\"wp-block-embed__wrapper\">\n<span class=\"embed-youtube\" style=\"text-align:center; display: block;\"><iframe loading=\"lazy\" class=\"youtube-player\" width=\"1200\" height=\"675\" src=\"https:\/\/www.youtube.com\/embed\/Dt8aJukZ6O8?version=3&#038;rel=1&#038;showsearch=0&#038;showinfo=1&#038;iv_load_policy=1&#038;fs=1&#038;hl=es-ES&#038;autohide=2&#038;wmode=transparent\" allowfullscreen=\"true\" style=\"border:0;\" sandbox=\"allow-scripts allow-same-origin allow-popups allow-presentation allow-popups-to-escape-sandbox\"><\/iframe><\/span>\n<\/div><\/figure>\n\n\n\n<p><strong>A nuestras comunidades de la Arquidi\u00f3cesis de Mercedes-Luj\u00e1n, con ocasi\u00f3n de la Fiesta Patria del 25 de Mayo.<\/strong><\/p>\n\n\n\n<p><strong><em>\u00a1AL GRAN PUEBLO ARGENTINO SALUD!<\/em><\/strong><\/p>\n\n\n\n<p>Este tiempo que vivimos, marcado por una situaci\u00f3n que nos tiene dolorosamente unidos a toda la humanidad, nos desaf\u00eda a anunciar con fuerza y decisi\u00f3n la Buena nueva del Reino que transforme el miedo en confianza, la incertidumbre en esperanza y la tentaci\u00f3n de \u201csalvarnos solos\u201d, en servicio.<\/p>\n\n\n\n<p><strong><u>LA SALUD DE LA CONFIANZA<\/u><\/strong><\/p>\n\n\n\n<p>En esta cincuentena pascual que nos deja a las puertas de celebrar una vez m\u00e1s la presencia del Esp\u00edritu que renueva la faz de la tierra, hemos compartido y celebrado a Jes\u00fas resucitado y hace unos d\u00edas, nada m\u00e1s, a la Madre y Patrona del Pueblo Argentino: Mar\u00eda de Luj\u00e1n. Recibir esta fuerza de vida nos permite vencer los miedos que la pandemia nos genera y confiar en el Dios Fiel, siempre presente.<\/p>\n\n\n\n<p><strong><u>LA SALUD DE LA ESPERANZA<\/u><\/strong><\/p>\n\n\n\n<p>Situaciones crecientes y angustiantes de pobreza, desocupaci\u00f3n, salarios injustos, violencia infantil y de g\u00e9nero, adicciones de todo tipo, la ni\u00f1ez en riesgo y tambi\u00e9n los abuelos, y otras que parecen postergadas en la informaci\u00f3n, pero no en el dolor de quienes las padecen, nos convocan. La incertidumbre del momento y tambi\u00e9n de lo que viene, pone en riesgo nuestra capacidad de vivir la esperanza a la que nos invita Jes\u00fas. Su Ascensi\u00f3n es una propuesta que nos llena de un gozo sereno y que nos abre caminos llenos de luz. \u201c<em>Jes\u00fas, el Se\u00f1or, el rey de la gloria, vencedor del pecado y de la muerte, ha ascendido&nbsp;hoy a lo m\u00e1s alto del cielo, como mediador entre Dios y los hombres, no se ha ido para desentenderse de este mundo. (prefacio de la Misa de la Ascensi\u00f3n).<\/em>&nbsp;Y nosotros, el Pueblo de Dios, sabemos que no se desentiende de nuestra historia, y que nos llama a contagiar esa esperanza, y a ser constructores de una paz que supere el mero deseo de cierta calma y sea fruto de una justicia que reclamamos y tratamos de vivir en el compartir cotidiano con todos.<\/p>\n\n\n\n<p><strong><u>LA SALUD DEL SERVICIO<\/u><\/strong><\/p>\n\n\n\n<p><em>\u201cTodo lo que la Iglesia ofrece debe encarnarse de modo original en cada lugar del mundo, de manera que la Esposa de Cristo adquiera multiformes rostros que manifiesten mejor la inagotable riqueza de la gracia\u201d (Papa Francisco, Querida amazonia n. 6)<\/em>&nbsp;\u00a1Y esta salud no es un mero deseo! \u00a1Es una realidad! Apoyados en esa confianza y esperanza, muchas hermanas y hermanos EN NUESTRAS COMUNIDADES, ofrecen su vida, esfuerzo y servicio para acompa\u00f1ar a los m\u00e1s pobres, los enfermos, los abuelos y los que padecen necesidades.<\/p>\n\n\n\n<p>Tal vez no sea oportuno romper el silencio con que nuestra gente brinda estos servicios, pero tambi\u00e9n creemos que es estricta justicia mencionarlo, como as\u00ed tambi\u00e9n dar respuesta concreta a comentarios malintencionados y enga\u00f1osos sobre la indiferencia de los cristianos ante tanto dolor. Adem\u00e1s, es una dicha enorme no tener que mirar hacia otras geograf\u00edas e historias tambi\u00e9n admirables, sino saber que esto pasa entre nosotros, en nuestras ciudades y barrios, nuestras C\u00e1ritas, j\u00f3venes y adultos, comunidades de prevenci\u00f3n y atenci\u00f3n de las adicciones y otros grupos que en el amor de Jes\u00fas hacen concreta su misericordia.<\/p>\n\n\n\n<p>El Papa Francisco llama a Mar\u00eda, salud de los pueblos en su oraci\u00f3n para pedir el fin de la pandemia. A Ella nos confiamos, en esta Fiesta Patria y ante un nuevo Pentecost\u00e9s, le ofrecemos nuestra dif\u00edcil pero cierta esperanza y le pedimos siga iluminando y bendiciendo el caminar de quienes hacen presente el evangelio en nuestras comunidades y nos dan razones ciertas para la confianza, la esperanza y el compromiso de servir. Y ante Ella recordamos las palabras finales de nuestro Obispo en la misa del 8 de mayo:&nbsp;<em>\u00abPid\u00e1mosle a Mar\u00eda de Luj\u00e1n la fuerza para la vida de todos los d\u00edas y la valent\u00eda para vivir como una Naci\u00f3n que desea renovar su unidad, de tal modo que, con osad\u00eda, creatividad y una esperanza cierta, podamos superar juntos este tiempo de pandemia y afrontar todos los tiempos que se vienen, que sin duda ser\u00e1n dif\u00edciles, arduos y desafiantes\u00bb.<\/em><\/p>\n","protected":false},"excerpt":{"rendered":"<p>El Arzobispo de Mercedes- Luj\u00e1n, Jorge Eduardo Scheinig presidi\u00f3 el Te Deum este lunes 25 de mayo en la Catedral &#8230; <a title=\"TeDeum del 25 de Mayo en la Catedral de Mercedes\" class=\"read-more\" href=\"https:\/\/www.hoymercedes.com.ar\/principal\/2020\/05\/25\/tedeum-del-25-de-mayo-en-la-catedral-de-mercedes\/\" aria-label=\"Leer m\u00e1s sobre TeDeum del 25 de Mayo en la Catedral de Mercedes\">Leer m\u00e1s<\/a><\/p>\n","protected":false},"author":1,"featured_media":111166,"comment_status":"closed","ping_status":"open","sticky":false,"template":"","format":"standard","meta":{"_monsterinsights_skip_tracking":false,"_monsterinsights_sitenote_active":false,"_monsterinsights_sitenote_note":"","_monsterinsights_sitenote_category":0,"jetpack_post_was_ever_published":false,"_jetpack_newsletter_access":"","_jetpack_dont_email_post_to_subs":false,"_jetpack_newsletter_tier_id":0,"_jetpack_memberships_contains_paywalled_content":false,"_jetpack_memberships_contains_paid_content":false,"footnotes":"","jetpack_publicize_message":"","jetpack_publicize_feature_enabled":true,"jetpack_social_post_already_shared":true,"jetpack_social_options":{"image_generator_settings":{"template":"highway","default_image_id":0,"font":"","enabled":false},"version":2},"_wpas_customize_per_network":false},"categories":[8],"tags":[16026,3627],"class_list":["post-111165","post","type-post","status-publish","format-standard","has-post-thumbnail","hentry","category-sociedad","tag-arzobispo-mercedes-lujan","tag-te-deum","generate-columns","tablet-grid-50","mobile-grid-100","grid-parent","grid-50"],"jetpack_publicize_connections":[],"jetpack_featured_media_url":"https:\/\/www.hoymercedes.com.ar\/principal\/wp-content\/uploads\/2020\/05\/25-arzobi.jpg","wps_subtitle":"En la ma\u00f1ana del lunes","jetpack_sharing_enabled":true,"_links":{"self":[{"href":"https:\/\/www.hoymercedes.com.ar\/principal\/wp-json\/wp\/v2\/posts\/111165","targetHints":{"allow":["GET"]}}],"collection":[{"href":"https:\/\/www.hoymercedes.com.ar\/principal\/wp-json\/wp\/v2\/posts"}],"about":[{"href":"https:\/\/www.hoymercedes.com.ar\/principal\/wp-json\/wp\/v2\/types\/post"}],"author":[{"embeddable":true,"href":"https:\/\/www.hoymercedes.com.ar\/principal\/wp-json\/wp\/v2\/users\/1"}],"replies":[{"embeddable":true,"href":"https:\/\/www.hoymercedes.com.ar\/principal\/wp-json\/wp\/v2\/comments?post=111165"}],"version-history":[{"count":0,"href":"https:\/\/www.hoymercedes.com.ar\/principal\/wp-json\/wp\/v2\/posts\/111165\/revisions"}],"wp:featuredmedia":[{"embeddable":true,"href":"https:\/\/www.hoymercedes.com.ar\/principal\/wp-json\/wp\/v2\/media\/111166"}],"wp:attachment":[{"href":"https:\/\/www.hoymercedes.com.ar\/principal\/wp-json\/wp\/v2\/media?parent=111165"}],"wp:term":[{"taxonomy":"category","embeddable":true,"href":"https:\/\/www.hoymercedes.com.ar\/principal\/wp-json\/wp\/v2\/categories?post=111165"},{"taxonomy":"post_tag","embeddable":true,"href":"https:\/\/www.hoymercedes.com.ar\/principal\/wp-json\/wp\/v2\/tags?post=111165"}],"curies":[{"name":"wp","href":"https:\/\/api.w.org\/{rel}","templated":true}]}}