{"id":111169,"date":"2020-05-25T19:37:00","date_gmt":"2020-05-25T22:37:00","guid":{"rendered":"http:\/\/www.hoymercedes.com.ar\/principal\/?p=111169"},"modified":"2020-05-25T18:58:24","modified_gmt":"2020-05-25T21:58:24","slug":"comite-de-crisis-local-en-alerta-ante-la-situacion-regional","status":"publish","type":"post","link":"https:\/\/www.hoymercedes.com.ar\/principal\/2020\/05\/25\/comite-de-crisis-local-en-alerta-ante-la-situacion-regional\/","title":{"rendered":"Comit\u00e9 de Crisis local en alerta ante la situaci\u00f3n regional"},"content":{"rendered":"\n<p>El Comit\u00e9 de Crisis instaurado por el Departamento Ejecutivo volvi\u00f3 a reunirse con novedades y debate. Se vendr\u00e1 una aplicaci\u00f3n m\u00f3vil para controlar ingresos y egresos de la ciudad, se ratific\u00f3 y detallo el amplio operativo de asistencia y contenci\u00f3n barrial y se expuso respecto a las salas de atenci\u00f3n especializadas covid-19, y adem\u00e1s se sumaron nuevos actores sociales. Muchas temas en una de las reuniones m\u00e1s extensas efectuadas hasta el momento.<\/p>\n\n\n\n<figure class=\"wp-block-image size-large\"><img loading=\"lazy\" decoding=\"async\" width=\"800\" height=\"534\" data-attachment-id=\"111172\" data-permalink=\"https:\/\/www.hoymercedes.com.ar\/principal\/2020\/05\/25\/comite-de-crisis-local-en-alerta-ante-la-situacion-regional\/25-comitedecrisis\/#main\" data-orig-file=\"https:\/\/www.hoymercedes.com.ar\/principal\/wp-content\/uploads\/2020\/05\/25-Comit\u00e9DeCrisis.jpeg\" data-orig-size=\"800,534\" data-comments-opened=\"0\" data-image-meta=\"{&quot;aperture&quot;:&quot;0&quot;,&quot;credit&quot;:&quot;&quot;,&quot;camera&quot;:&quot;&quot;,&quot;caption&quot;:&quot;&quot;,&quot;created_timestamp&quot;:&quot;0&quot;,&quot;copyright&quot;:&quot;&quot;,&quot;focal_length&quot;:&quot;0&quot;,&quot;iso&quot;:&quot;0&quot;,&quot;shutter_speed&quot;:&quot;0&quot;,&quot;title&quot;:&quot;&quot;,&quot;orientation&quot;:&quot;0&quot;}\" data-image-title=\"25 Comit\u00e9DeCrisis\" data-image-description=\"\" data-image-caption=\"\" data-large-file=\"https:\/\/www.hoymercedes.com.ar\/principal\/wp-content\/uploads\/2020\/05\/25-Comit\u00e9DeCrisis.jpeg\" src=\"https:\/\/www.hoymercedes.com.ar\/principal\/wp-content\/uploads\/2020\/05\/25-Comit\u00e9DeCrisis.jpeg\" alt=\"\" class=\"wp-image-111172\"\/><\/figure>\n\n\n\n<p>En esta ocasi\u00f3n se sumaron instituciones y referentes, siendo representantes de las Iglesias cat\u00f3lica y evang\u00e9licas, movimientos sociales como Evita y MTE, Inspecci\u00f3n Educativa, Patronato de Liberados y&nbsp;&nbsp;representante Clubes Deportivos.<\/p>\n\n\n\n<p>Una de las novedades presentadas fue el plan de \u201cVigilancia epidemiol\u00f3gica de personas que viajan a zonas de transmisi\u00f3n comunitaria\u201d dondese controlar\u00e1 a aquellos que salen de Mercedes, en especial quienes se movilizan a trabajar egresando e ingresando cada d\u00eda. Se lanza una nueva aplicaci\u00f3n m\u00f3vil para que las personas se registren. El plazo ser\u00e1 de una semana para que la instalen los viajantes una vez anunciado el inicio del programa. Obligatoriamente tendr\u00e1n un permiso para salir y deber\u00e1n avisar el regreso debiendo reportar diariamente los s\u00edntomas, tengan o no, en la aplicaci\u00f3n Fam Salud (<a rel=\"noreferrer noopener\" target=\"_blank\" href=\"http:\/\/salud.mercedes.gob.ar\/\">salud.mercedes.gob.ar<\/a>&nbsp;para su descarga o uso online)<\/p>\n\n\n\n<p>Se detall\u00f3 sobre el \u201cCentro de Operativo de Emergencia: COE\u201d que desde Ministerio de Salud de la Provincia se invita a generar a trav\u00e9s de un comit\u00e9 de seguimiento en barrios y zonas vulnerables. En Mercedes dicha acci\u00f3n se viene desarrollando con amplia cobertura territorial.<\/p>\n\n\n\n<p>Desde Desarrollo Social se explic\u00f3 que \u201ccasa por casa se har\u00e1n encuestas y trabajos. Se podr\u00e1 r\u00e1pidamente activar protocolo en caso de emergencia sanitaria\u201d y que es \u201cuna fortaleza de Mercedes dado que&nbsp;&nbsp;se ven\u00eda realizando con iglesias, sociedades de fomento, referentes sociales, Ongs, etc. Hay una comunidad organizada muy importante\u201d destacaron. Tambi\u00e9n se apuntar\u00e1 al \u201ctrabajo con el dengue y descachareo\u201d<\/p>\n\n\n\n<p>Se explic\u00f3 tambi\u00e9n el trabajo en los&nbsp;&nbsp;CAPS de contingencia actualmente habilitados: San Mart\u00edn, Blandengues y Agote. De ser necesario se abrir\u00e1n m\u00e1s. Se encuentran alertas durante 12hs de corridas.<\/p>\n\n\n\n<p>Un dato importante fue dado por Desarrollo Social que expuso un mapa de los puntos de distribuci\u00f3n de alimentos, meriendas, etc, con: 15 sedes de provisi\u00f3n de alimentos secos para que las personas no circulen y asistan a un lugar cercano a su casa a retirarlos. 20 comedores y ollas populares distribuyendo alimentos cocidos. 7 sedes de \u201cRecreeo\u201d distribuyendo merienda. 18 merenderos en territorio distribuyendo viandas. 45 puntos de entrega de leche en polvo. Tambi\u00e9n 16 sedes de ProeBa en las 4 zonas de la ciudad.&nbsp;&nbsp;<\/p>\n\n\n\n<p>Desde el foro educativo se expuso que existe el denominado \u201cEquipo Focalizado Territorial de Emergencia\u201d. Se trata de un equipo de trabajo en el \u00e1mbito educativo de acompa\u00f1amiento y detecci\u00f3n necesidades. Intervenciones y actuaciones en caso de surgir una necesidad. Tambi\u00e9n desde all\u00ed se distribuyen miles de bolsas alimentarias por semanas. Sin ir m\u00e1s lejos el viernes el intendente Ustarroz estuvo presente en el Centro Educativo donde adem\u00e1s de ver la obra que se efectuaba recibi\u00f3 informaci\u00f3n y brind\u00f3 su apoyo al \u201cgran trabajo que el personal viene efectuando\u201d<\/p>\n\n\n\n<p>Se retir\u00f3 y evalu\u00f3 la \u00faltima entrega desde Provincia de Buenos Aires siendo 4 respiradores nuevos, 1 ec\u00f3grafo port\u00e1til, 8 bombas de infusi\u00f3n, 4 monitores multiparam\u00e9tricos y miles de insumos como guantes, camisolines, alcohol en gel, sueros, etc.<\/p>\n\n\n\n<p>Un punto importa fue que ya se hicieron test con hisopado a todo el personal del SAME, parte del Dubarry y se contin\u00faa, siempre dando negativos, pero realizando una tarea de monitoreo constante.<\/p>\n\n\n\n<p>Por \u00faltimo, un aspecto importante fue que desde Provincia de Buenos Aires llegaron nombramientos para m\u00e9dicos, siendo un caso notorio en Terapia Intensiva.<\/p>\n\n\n\n<p>La realidad de Mercedes sigue estable, pero se prev\u00e9 arribar\u00e1 dado que el virus avanza en todo el pa\u00eds y la regi\u00f3n, sin ir muy lejos en San Antonio de Areco se retron\u00f3 la fase 1 de aislamiento.<\/p>\n\n\n\n<p>A los mencionados que se sumaron en esta ocasi\u00f3n debe tenerse presente que lo compomen: PAMI, Anses, SAME, Presidencia del Concejo Deliberante, Concejales de todas las fuerzas pol\u00edticas, Cl\u00ednica, Hospital, Cooperadora del Dubarry, Sec. de Seguridad, Sec. de Desarrollo Social, Sec. de Gobierno, Adultos Mayores, Jefatura de Gabinete, ATE, CTA Aut\u00f3noma, Consejo Escolar, ProEBA, Dir. de Deportes,\u00a0\u00a0C\u00e1mara Econ\u00f3mica Mercedina, Desarrollo Social de la Naci\u00f3n, SEMMER, Colegio M\u00e9dico, Bomberos Voluntarios, Mesa sindical, Polic\u00eda Federal, Polic\u00eda Comunal, Gendarmer\u00eda Nacional, CICCOP.<\/p>\n\n\n\n<p>Fuente: Prensa Municipal<\/p>\n","protected":false},"excerpt":{"rendered":"<p>El Comit\u00e9 de Crisis instaurado por el Departamento Ejecutivo volvi\u00f3 a reunirse con novedades y debate. Se vendr\u00e1 una aplicaci\u00f3n &#8230; <a title=\"Comit\u00e9 de Crisis local en alerta ante la situaci\u00f3n regional\" class=\"read-more\" href=\"https:\/\/www.hoymercedes.com.ar\/principal\/2020\/05\/25\/comite-de-crisis-local-en-alerta-ante-la-situacion-regional\/\" aria-label=\"Leer m\u00e1s sobre Comit\u00e9 de Crisis local en alerta ante la situaci\u00f3n regional\">Leer m\u00e1s<\/a><\/p>\n","protected":false},"author":1,"featured_media":111172,"comment_status":"closed","ping_status":"open","sticky":false,"template":"","format":"standard","meta":{"_monsterinsights_skip_tracking":false,"_monsterinsights_sitenote_active":false,"_monsterinsights_sitenote_note":"","_monsterinsights_sitenote_category":0,"jetpack_post_was_ever_published":false,"_jetpack_newsletter_access":"","_jetpack_dont_email_post_to_subs":false,"_jetpack_newsletter_tier_id":0,"_jetpack_memberships_contains_paywalled_content":false,"_jetpack_memberships_contains_paid_content":false,"footnotes":"","jetpack_publicize_message":"","jetpack_publicize_feature_enabled":true,"jetpack_social_post_already_shared":true,"jetpack_social_options":{"image_generator_settings":{"template":"highway","default_image_id":0,"font":"","enabled":false},"version":2},"_wpas_customize_per_network":false},"categories":[30],"tags":[16345,16175,16313,244],"class_list":["post-111169","post","type-post","status-publish","format-standard","has-post-thumbnail","hentry","category-municipio","tag-comite-de-crisis","tag-coronavirus","tag-covid-19","tag-municipio-2","generate-columns","tablet-grid-50","mobile-grid-100","grid-parent","grid-50"],"jetpack_publicize_connections":[],"jetpack_featured_media_url":"https:\/\/www.hoymercedes.com.ar\/principal\/wp-content\/uploads\/2020\/05\/25-Comit\u00e9DeCrisis.jpeg","wps_subtitle":"","jetpack_sharing_enabled":true,"_links":{"self":[{"href":"https:\/\/www.hoymercedes.com.ar\/principal\/wp-json\/wp\/v2\/posts\/111169","targetHints":{"allow":["GET"]}}],"collection":[{"href":"https:\/\/www.hoymercedes.com.ar\/principal\/wp-json\/wp\/v2\/posts"}],"about":[{"href":"https:\/\/www.hoymercedes.com.ar\/principal\/wp-json\/wp\/v2\/types\/post"}],"author":[{"embeddable":true,"href":"https:\/\/www.hoymercedes.com.ar\/principal\/wp-json\/wp\/v2\/users\/1"}],"replies":[{"embeddable":true,"href":"https:\/\/www.hoymercedes.com.ar\/principal\/wp-json\/wp\/v2\/comments?post=111169"}],"version-history":[{"count":0,"href":"https:\/\/www.hoymercedes.com.ar\/principal\/wp-json\/wp\/v2\/posts\/111169\/revisions"}],"wp:featuredmedia":[{"embeddable":true,"href":"https:\/\/www.hoymercedes.com.ar\/principal\/wp-json\/wp\/v2\/media\/111172"}],"wp:attachment":[{"href":"https:\/\/www.hoymercedes.com.ar\/principal\/wp-json\/wp\/v2\/media?parent=111169"}],"wp:term":[{"taxonomy":"category","embeddable":true,"href":"https:\/\/www.hoymercedes.com.ar\/principal\/wp-json\/wp\/v2\/categories?post=111169"},{"taxonomy":"post_tag","embeddable":true,"href":"https:\/\/www.hoymercedes.com.ar\/principal\/wp-json\/wp\/v2\/tags?post=111169"}],"curies":[{"name":"wp","href":"https:\/\/api.w.org\/{rel}","templated":true}]}}