{"id":111206,"date":"2020-05-26T09:57:03","date_gmt":"2020-05-26T12:57:03","guid":{"rendered":"http:\/\/www.hoymercedes.com.ar\/principal\/?p=111206"},"modified":"2020-05-26T10:11:45","modified_gmt":"2020-05-26T13:11:45","slug":"anses-suma-herramientas-de-atencion-virtual","status":"publish","type":"post","link":"https:\/\/www.hoymercedes.com.ar\/principal\/2020\/05\/26\/anses-suma-herramientas-de-atencion-virtual\/","title":{"rendered":"ANSES suma herramientas de atenci\u00f3n virtual"},"content":{"rendered":"\n<p>A trav\u00e9s de la\u00a0Resoluci\u00f3n 141\/2020\u00a0publicada hoy en el Bolet\u00edn Oficial, la ANSES oficializ\u00f3 la ampliaci\u00f3n de sus tr\u00e1mites virtuales. A partir de este martes se podr\u00e1n gestionar a trav\u00e9s de la web: Asignaci\u00f3n Familiar por Prenatal, Asignaci\u00f3n por Embarazo para Protecci\u00f3n Social y Activaci\u00f3n de Beneficio Previsional (rehabilitaci\u00f3n del cobro de una jubilaci\u00f3n o pensi\u00f3n).<\/p>\n\n\n\n<p>Son 60.000\u00a0la cantidad de tr\u00e1mites que se pueden canalizar a trav\u00e9s de la atenci\u00f3n virtual, que funciona\u00a0todos los d\u00edas de 0 a 20 horas, para que se actualicen los datos de contacto y establezcan un contacto para la respuesta de las consultas por correo electr\u00f3nico.<\/p>\n\n\n\n<p>Entre las gestiones que pueden realizarse v\u00eda web tambi\u00e9n se encuentran el reclamo de un haber no cobrado de una jubilaci\u00f3n o pensi\u00f3n y el inicio de Asignaci\u00f3n por Maternidad.<\/p>\n\n\n\n<p>Por otra parte, adem\u00e1s el organismo realiza a trav\u00e9s de esta plataforma asesoramiento sobre jubilaciones y pensiones, Subsidio de Contenci\u00f3n Familiar,&nbsp;Designaci\u00f3n de apoderados, Actualizaci\u00f3n de datos personales o del grupo familiar, Asignaciones Universales y Familiares por Hijo, por Nacimiento y Adopci\u00f3n, Pensi\u00f3n no Contributiva para Madre de 7 hijos y R\u00e9gimen de reparaci\u00f3n econ\u00f3mica para las ni\u00f1as, ni\u00f1os y adolescentes.<\/p>\n","protected":false},"excerpt":{"rendered":"<p>A trav\u00e9s de la\u00a0Resoluci\u00f3n 141\/2020\u00a0publicada hoy en el Bolet\u00edn Oficial, la ANSES oficializ\u00f3 la ampliaci\u00f3n de sus tr\u00e1mites virtuales. A &#8230; <a title=\"ANSES suma herramientas de atenci\u00f3n virtual\" class=\"read-more\" href=\"https:\/\/www.hoymercedes.com.ar\/principal\/2020\/05\/26\/anses-suma-herramientas-de-atencion-virtual\/\" aria-label=\"Leer m\u00e1s sobre ANSES suma herramientas de atenci\u00f3n virtual\">Leer m\u00e1s<\/a><\/p>\n","protected":false},"author":1,"featured_media":73507,"comment_status":"closed","ping_status":"open","sticky":false,"template":"","format":"standard","meta":{"_monsterinsights_skip_tracking":false,"_monsterinsights_sitenote_active":false,"_monsterinsights_sitenote_note":"","_monsterinsights_sitenote_category":0,"jetpack_post_was_ever_published":false,"_jetpack_newsletter_access":"","_jetpack_dont_email_post_to_subs":false,"_jetpack_newsletter_tier_id":0,"_jetpack_memberships_contains_paywalled_content":false,"_jetpack_memberships_contains_paid_content":false,"footnotes":"","jetpack_publicize_message":"","jetpack_publicize_feature_enabled":true,"jetpack_social_post_already_shared":true,"jetpack_social_options":{"image_generator_settings":{"template":"highway","default_image_id":0,"font":"","enabled":false},"version":2},"_wpas_customize_per_network":false},"categories":[8],"tags":[4,16645,10612],"class_list":["post-111206","post","type-post","status-publish","format-standard","has-post-thumbnail","hentry","category-sociedad","tag-anses","tag-atencion-virtual","tag-herramientas","generate-columns","tablet-grid-50","mobile-grid-100","grid-parent","grid-50"],"jetpack_publicize_connections":[],"jetpack_featured_media_url":"https:\/\/www.hoymercedes.com.ar\/principal\/wp-content\/uploads\/2018\/03\/15-anses-logo.jpg","wps_subtitle":"Se podr\u00e1 tramitar beneficios","jetpack_sharing_enabled":true,"_links":{"self":[{"href":"https:\/\/www.hoymercedes.com.ar\/principal\/wp-json\/wp\/v2\/posts\/111206","targetHints":{"allow":["GET"]}}],"collection":[{"href":"https:\/\/www.hoymercedes.com.ar\/principal\/wp-json\/wp\/v2\/posts"}],"about":[{"href":"https:\/\/www.hoymercedes.com.ar\/principal\/wp-json\/wp\/v2\/types\/post"}],"author":[{"embeddable":true,"href":"https:\/\/www.hoymercedes.com.ar\/principal\/wp-json\/wp\/v2\/users\/1"}],"replies":[{"embeddable":true,"href":"https:\/\/www.hoymercedes.com.ar\/principal\/wp-json\/wp\/v2\/comments?post=111206"}],"version-history":[{"count":0,"href":"https:\/\/www.hoymercedes.com.ar\/principal\/wp-json\/wp\/v2\/posts\/111206\/revisions"}],"wp:featuredmedia":[{"embeddable":true,"href":"https:\/\/www.hoymercedes.com.ar\/principal\/wp-json\/wp\/v2\/media\/73507"}],"wp:attachment":[{"href":"https:\/\/www.hoymercedes.com.ar\/principal\/wp-json\/wp\/v2\/media?parent=111206"}],"wp:term":[{"taxonomy":"category","embeddable":true,"href":"https:\/\/www.hoymercedes.com.ar\/principal\/wp-json\/wp\/v2\/categories?post=111206"},{"taxonomy":"post_tag","embeddable":true,"href":"https:\/\/www.hoymercedes.com.ar\/principal\/wp-json\/wp\/v2\/tags?post=111206"}],"curies":[{"name":"wp","href":"https:\/\/api.w.org\/{rel}","templated":true}]}}