{"id":111218,"date":"2020-05-26T14:50:00","date_gmt":"2020-05-26T17:50:00","guid":{"rendered":"http:\/\/www.hoymercedes.com.ar\/principal\/?p=111218"},"modified":"2020-05-26T21:07:20","modified_gmt":"2020-05-27T00:07:20","slug":"anunciaron-plan-de-infraestructura-para-municipios-bonaerenses","status":"publish","type":"post","link":"https:\/\/www.hoymercedes.com.ar\/principal\/2020\/05\/26\/anunciaron-plan-de-infraestructura-para-municipios-bonaerenses\/","title":{"rendered":"Anunciaron plan de infraestructura para municipios bonaerenses"},"content":{"rendered":"\n<p>Las autoridades de la Naci\u00f3n y la Provincia anunciaron obras de infraestructura para los municipios bonaerenses.  El Plan incluye la construcci\u00f3n de centros de aislamiento modulares para el Servicio Penitenciario; la realizaci\u00f3n de obras en el marco del programa \u00abArgentina Hace\u00bb en cuarenta municipios; y obras de agua y saneamiento en diecis\u00e9is partidos del AMBA.<\/p>\n\n\n\n<p>El plan anunciado incluye la construcci\u00f3n de 12 Unidades Sanitarias Carcelarias en penales que permitir\u00e1n sumar un total de 228 plazas para asistir a las personas detenidas afectadas por COVID-19 y evitar contagios dentro del Sistema Penitenciario Bonaerense. <\/p>\n\n\n\n<p>El Ministerio de Obras P\u00fablicas de la Naci\u00f3n invertir\u00e1 800 millones de pesos para el desarrollo de estas unidades, que estar\u00e1n ubicadas en terrenos dentro de los penales y compuestas por pabellones de 365m2 realizados a trav\u00e9s de un sistema constructivo modular.<\/p>\n\n\n\n<p>Tambi\u00e9n se pusieron en marcha 224 proyectos del Plan Argentina Hace para la reactivaci\u00f3n y ejecuci\u00f3n de obras en 40 municipios de la Provincia que beneficiar\u00e1n a m\u00e1s de 13 millones de bonaerenses. Asimismo, AySA ejecutar\u00e1 68 obras en 16 Municipios del AMBA bajo su concesi\u00f3n. <\/p>\n\n\n\n<p>En total, estas tareas demandar\u00e1n una inversi\u00f3n de 19.557 millones de pesos y generar\u00e1n m\u00e1s de 8.700 puestos de trabajo.\u00a0\u00a0Por otro lado, a trav\u00e9s del Fondo de Infraestructura Municipal (FIM), el Gobierno de la provincia de Buenos Aires llevar\u00e1 a cabo 35 proyectos presentados por 28 Municipios para obras de pavimento, desag\u00fces pluviales, puesta en valor del espacio p\u00fablico y remodelaciones hospitalarias y edilicias.<\/p>\n\n\n\n<p>El acto de anunci\u00f3 lo encabez\u00f3 el Presidente Alberto Fern\u00e1ndez, el gobernador de la provincia de Buenos Aires, Axel Kicillof, el ministro de Obras P\u00fablicas de la Naci\u00f3n, Gabriel Katopodis,\u00a0\u00a0jefe de Gabinete nacional, Santiago Cafiero; el ministro del Interior, Eduardo De Pedro; el ministro de Infraestructura bonaerense, Agust\u00edn Simone; y la presidenta de AySA, Malena Galmarini.<\/p>\n\n\n\n<p>Entre los municipios alcanzados por este Plan est\u00e1n: Avellaneda, Ca\u00f1uelas, Lomas de Zamora, La Matanza, Pilar, Quilmes, San Miguel, Malvinas Argentinas y Lan\u00fas.<\/p>\n","protected":false},"excerpt":{"rendered":"<p>Las autoridades de la Naci\u00f3n y la Provincia anunciaron obras de infraestructura para los municipios bonaerenses. El Plan incluye la &#8230; <a title=\"Anunciaron plan de infraestructura para municipios bonaerenses\" class=\"read-more\" href=\"https:\/\/www.hoymercedes.com.ar\/principal\/2020\/05\/26\/anunciaron-plan-de-infraestructura-para-municipios-bonaerenses\/\" aria-label=\"Leer m\u00e1s sobre Anunciaron plan de infraestructura para municipios bonaerenses\">Leer m\u00e1s<\/a><\/p>\n","protected":false},"author":1,"featured_media":111219,"comment_status":"closed","ping_status":"open","sticky":false,"template":"","format":"standard","meta":{"_monsterinsights_skip_tracking":false,"_monsterinsights_sitenote_active":false,"_monsterinsights_sitenote_note":"","_monsterinsights_sitenote_category":0,"jetpack_post_was_ever_published":false,"_jetpack_newsletter_access":"","_jetpack_dont_email_post_to_subs":false,"_jetpack_newsletter_tier_id":0,"_jetpack_memberships_contains_paywalled_content":false,"_jetpack_memberships_contains_paid_content":false,"footnotes":"","jetpack_publicize_message":"","jetpack_publicize_feature_enabled":true,"jetpack_social_post_already_shared":true,"jetpack_social_options":{"image_generator_settings":{"template":"highway","default_image_id":0,"font":"","enabled":false},"version":2},"_wpas_customize_per_network":false},"categories":[8881],"tags":[15729,5597,1014,1803],"class_list":["post-111218","post","type-post","status-publish","format-standard","has-post-thumbnail","hentry","category-provincia","tag-anuncios","tag-infraestructura","tag-obras","tag-provincia","generate-columns","tablet-grid-50","mobile-grid-100","grid-parent","grid-50"],"jetpack_publicize_connections":[],"jetpack_featured_media_url":"https:\/\/www.hoymercedes.com.ar\/principal\/wp-content\/uploads\/2020\/05\/26-convenio-provincia.jpg","wps_subtitle":"","jetpack_sharing_enabled":true,"_links":{"self":[{"href":"https:\/\/www.hoymercedes.com.ar\/principal\/wp-json\/wp\/v2\/posts\/111218","targetHints":{"allow":["GET"]}}],"collection":[{"href":"https:\/\/www.hoymercedes.com.ar\/principal\/wp-json\/wp\/v2\/posts"}],"about":[{"href":"https:\/\/www.hoymercedes.com.ar\/principal\/wp-json\/wp\/v2\/types\/post"}],"author":[{"embeddable":true,"href":"https:\/\/www.hoymercedes.com.ar\/principal\/wp-json\/wp\/v2\/users\/1"}],"replies":[{"embeddable":true,"href":"https:\/\/www.hoymercedes.com.ar\/principal\/wp-json\/wp\/v2\/comments?post=111218"}],"version-history":[{"count":0,"href":"https:\/\/www.hoymercedes.com.ar\/principal\/wp-json\/wp\/v2\/posts\/111218\/revisions"}],"wp:featuredmedia":[{"embeddable":true,"href":"https:\/\/www.hoymercedes.com.ar\/principal\/wp-json\/wp\/v2\/media\/111219"}],"wp:attachment":[{"href":"https:\/\/www.hoymercedes.com.ar\/principal\/wp-json\/wp\/v2\/media?parent=111218"}],"wp:term":[{"taxonomy":"category","embeddable":true,"href":"https:\/\/www.hoymercedes.com.ar\/principal\/wp-json\/wp\/v2\/categories?post=111218"},{"taxonomy":"post_tag","embeddable":true,"href":"https:\/\/www.hoymercedes.com.ar\/principal\/wp-json\/wp\/v2\/tags?post=111218"}],"curies":[{"name":"wp","href":"https:\/\/api.w.org\/{rel}","templated":true}]}}