{"id":111243,"date":"2020-05-27T00:15:59","date_gmt":"2020-05-27T03:15:59","guid":{"rendered":"http:\/\/www.hoymercedes.com.ar\/principal\/?p=111243"},"modified":"2020-05-27T00:16:04","modified_gmt":"2020-05-27T03:16:04","slug":"coronavirus-25-de-mayo-y-lobos-se-suman-a-las-ciudades-con-casos-positivos-en-la-region","status":"publish","type":"post","link":"https:\/\/www.hoymercedes.com.ar\/principal\/2020\/05\/27\/coronavirus-25-de-mayo-y-lobos-se-suman-a-las-ciudades-con-casos-positivos-en-la-region\/","title":{"rendered":"Coronavirus: 25 de Mayo y Lobos se suman a las ciudades con casos positivos en la regi\u00f3n"},"content":{"rendered":"\n<p><\/p>\n\n\n\n<p>El crecimiento de casos y muertes por Covid-19 empez\u00f3 a atacar tambi\u00e9n la regi\u00f3n. A San Antonio de Areco que pas\u00f3 r\u00e1pidamente a tener 17 positivos se suman ahora Lobos y 25 de Mayo, estas \u00faltimas ciudades que ven\u00edan sin tener, hasta ahora.<\/p>\n\n\n\n<p>En 25 de Mayo se trata de una personal de la salud, confirm\u00f3 el intendente Ralinqueo.<\/p>\n\n\n\n<p>\u201cse va a establecer un marco de an\u00e1lisis las pr\u00f3ximas 48 horas donde posiblemente se vuelva a la fase 1. De ser efectivo el seguimiento no deber\u00eda haber multiplicaci\u00f3n de casos y evitar\u00edamos este retroceso\u201d, afirm\u00f3<\/p>\n\n\n\n<p>Por su parte en San Antonio de Areco ya se retom\u00f3 la fase 1 tras dispararse los casos positivos. Se efectu\u00f3 por medio de 1 caso que contagi\u00f3 a sus contactos y sus contactos a su vez a los suyos.<\/p>\n\n\n\n<p>En cuanto a Lobos a\u00fan no se conocieron detalles, pero es una ciudad que tambi\u00e9n estaba en proceso de aperturas y ahora se encuentra con el caso activo.<\/p>\n","protected":false},"excerpt":{"rendered":"<p>El crecimiento de casos y muertes por Covid-19 empez\u00f3 a atacar tambi\u00e9n la regi\u00f3n. A San Antonio de Areco que &#8230; <a title=\"Coronavirus: 25 de Mayo y Lobos se suman a las ciudades con casos positivos en la regi\u00f3n\" class=\"read-more\" href=\"https:\/\/www.hoymercedes.com.ar\/principal\/2020\/05\/27\/coronavirus-25-de-mayo-y-lobos-se-suman-a-las-ciudades-con-casos-positivos-en-la-region\/\" aria-label=\"Leer m\u00e1s sobre Coronavirus: 25 de Mayo y Lobos se suman a las ciudades con casos positivos en la regi\u00f3n\">Leer m\u00e1s<\/a><\/p>\n","protected":false},"author":1,"featured_media":110369,"comment_status":"closed","ping_status":"open","sticky":false,"template":"","format":"standard","meta":{"_monsterinsights_skip_tracking":false,"_monsterinsights_sitenote_active":false,"_monsterinsights_sitenote_note":"","_monsterinsights_sitenote_category":0,"jetpack_post_was_ever_published":false,"_jetpack_newsletter_access":"","_jetpack_dont_email_post_to_subs":false,"_jetpack_newsletter_tier_id":0,"_jetpack_memberships_contains_paywalled_content":false,"_jetpack_memberships_contains_paid_content":false,"footnotes":"","jetpack_publicize_message":"","jetpack_publicize_feature_enabled":true,"jetpack_social_post_already_shared":true,"jetpack_social_options":{"image_generator_settings":{"template":"highway","default_image_id":0,"font":"","enabled":false},"version":2},"_wpas_customize_per_network":false},"categories":[8],"tags":[16175],"class_list":["post-111243","post","type-post","status-publish","format-standard","has-post-thumbnail","hentry","category-sociedad","tag-coronavirus","generate-columns","tablet-grid-50","mobile-grid-100","grid-parent","grid-50"],"jetpack_publicize_connections":[],"jetpack_featured_media_url":"https:\/\/www.hoymercedes.com.ar\/principal\/wp-content\/uploads\/2020\/05\/covid-pandemia.jpg","wps_subtitle":"Pandemia ","jetpack_sharing_enabled":true,"_links":{"self":[{"href":"https:\/\/www.hoymercedes.com.ar\/principal\/wp-json\/wp\/v2\/posts\/111243","targetHints":{"allow":["GET"]}}],"collection":[{"href":"https:\/\/www.hoymercedes.com.ar\/principal\/wp-json\/wp\/v2\/posts"}],"about":[{"href":"https:\/\/www.hoymercedes.com.ar\/principal\/wp-json\/wp\/v2\/types\/post"}],"author":[{"embeddable":true,"href":"https:\/\/www.hoymercedes.com.ar\/principal\/wp-json\/wp\/v2\/users\/1"}],"replies":[{"embeddable":true,"href":"https:\/\/www.hoymercedes.com.ar\/principal\/wp-json\/wp\/v2\/comments?post=111243"}],"version-history":[{"count":0,"href":"https:\/\/www.hoymercedes.com.ar\/principal\/wp-json\/wp\/v2\/posts\/111243\/revisions"}],"wp:featuredmedia":[{"embeddable":true,"href":"https:\/\/www.hoymercedes.com.ar\/principal\/wp-json\/wp\/v2\/media\/110369"}],"wp:attachment":[{"href":"https:\/\/www.hoymercedes.com.ar\/principal\/wp-json\/wp\/v2\/media?parent=111243"}],"wp:term":[{"taxonomy":"category","embeddable":true,"href":"https:\/\/www.hoymercedes.com.ar\/principal\/wp-json\/wp\/v2\/categories?post=111243"},{"taxonomy":"post_tag","embeddable":true,"href":"https:\/\/www.hoymercedes.com.ar\/principal\/wp-json\/wp\/v2\/tags?post=111243"}],"curies":[{"name":"wp","href":"https:\/\/api.w.org\/{rel}","templated":true}]}}