{"id":111248,"date":"2020-05-27T09:53:19","date_gmt":"2020-05-27T12:53:19","guid":{"rendered":"http:\/\/www.hoymercedes.com.ar\/principal\/?p=111248"},"modified":"2020-05-27T09:54:18","modified_gmt":"2020-05-27T12:54:18","slug":"francisco-viola-nuevamente-campeon-en-la-universidad-de-lomas","status":"publish","type":"post","link":"https:\/\/www.hoymercedes.com.ar\/principal\/2020\/05\/27\/francisco-viola-nuevamente-campeon-en-la-universidad-de-lomas\/","title":{"rendered":"Francisco Viola, nuevamente campe\u00f3n en la Universidad de Lomas"},"content":{"rendered":"\n<p>El ajedrecista Francisco Viola fue parte de la cuarta fecha del torneo de ajedrez virtual que organiza la Universidad Nacional de Lomas de Zamora. Fueron 16 los participantes y en esta oportunidad hubo un triple empate en el primer puesto, ya que el mercedino obtuvo 5 triunfos y 2 derrotas pero por el sistema de desempate, se vio favorecido y nuevamente gan\u00f3 la jornada.<\/p>\n\n\n\n<figure class=\"wp-block-image size-large\"><img loading=\"lazy\" decoding=\"async\" width=\"960\" height=\"539\" data-attachment-id=\"111260\" data-permalink=\"https:\/\/www.hoymercedes.com.ar\/principal\/2020\/05\/27\/francisco-viola-nuevamente-campeon-en-la-universidad-de-lomas\/francisco-viola-2-2\/#main\" data-orig-file=\"https:\/\/www.hoymercedes.com.ar\/principal\/wp-content\/uploads\/2020\/05\/Francisco-Viola-2.jpg\" data-orig-size=\"960,539\" data-comments-opened=\"0\" data-image-meta=\"{&quot;aperture&quot;:&quot;0&quot;,&quot;credit&quot;:&quot;&quot;,&quot;camera&quot;:&quot;&quot;,&quot;caption&quot;:&quot;&quot;,&quot;created_timestamp&quot;:&quot;0&quot;,&quot;copyright&quot;:&quot;&quot;,&quot;focal_length&quot;:&quot;0&quot;,&quot;iso&quot;:&quot;0&quot;,&quot;shutter_speed&quot;:&quot;0&quot;,&quot;title&quot;:&quot;&quot;,&quot;orientation&quot;:&quot;0&quot;}\" data-image-title=\"Francisco-Viola-2\" data-image-description=\"\" data-image-caption=\"\" data-large-file=\"https:\/\/www.hoymercedes.com.ar\/principal\/wp-content\/uploads\/2020\/05\/Francisco-Viola-2.jpg\" src=\"https:\/\/www.hoymercedes.com.ar\/principal\/wp-content\/uploads\/2020\/05\/Francisco-Viola-2.jpg\" alt=\"\" class=\"wp-image-111260\"\/><\/figure>\n\n\n\n<p>De esta manera, Viola es el l\u00edder del torneo con 22 puntos y ahora espera por el pr\u00f3ximo s\u00e1bado cuando se juegue la sexta fecha de un torneo que seguir\u00e1 disput\u00e1ndose durante junio y julio.<\/p>\n\n\n\n<p>Por otra parte, Viola ser\u00e1 parte de un certamen junto a otros seis ajedrecistas que participan del actual torneo universitario y que cursan en la entidad: Claudio Rodr\u00edguez, Facundo Far\u00edas, Maximiliano Argara\u00f1az, Nahuel Dreko y Ysrael Moscoso.<\/p>\n","protected":false},"excerpt":{"rendered":"<p>El ajedrecista Francisco Viola fue parte de la cuarta fecha del torneo de ajedrez virtual que organiza la Universidad Nacional &#8230; <a title=\"Francisco Viola, nuevamente campe\u00f3n en la Universidad de Lomas\" class=\"read-more\" href=\"https:\/\/www.hoymercedes.com.ar\/principal\/2020\/05\/27\/francisco-viola-nuevamente-campeon-en-la-universidad-de-lomas\/\" aria-label=\"Leer m\u00e1s sobre Francisco Viola, nuevamente campe\u00f3n en la Universidad de Lomas\">Leer m\u00e1s<\/a><\/p>\n","protected":false},"author":1,"featured_media":111261,"comment_status":"closed","ping_status":"open","sticky":false,"template":"","format":"standard","meta":{"_monsterinsights_skip_tracking":false,"_monsterinsights_sitenote_active":false,"_monsterinsights_sitenote_note":"","_monsterinsights_sitenote_category":0,"jetpack_post_was_ever_published":false,"_jetpack_newsletter_access":"","_jetpack_dont_email_post_to_subs":false,"_jetpack_newsletter_tier_id":0,"_jetpack_memberships_contains_paywalled_content":false,"_jetpack_memberships_contains_paid_content":false,"footnotes":"","jetpack_publicize_message":"","jetpack_publicize_feature_enabled":true,"jetpack_social_post_already_shared":true,"jetpack_social_options":{"image_generator_settings":{"template":"highway","default_image_id":0,"font":"","enabled":false},"version":2},"_wpas_customize_per_network":false},"categories":[21],"tags":[15550],"class_list":["post-111248","post","type-post","status-publish","format-standard","has-post-thumbnail","hentry","category-deportes","tag-francisco-viola","generate-columns","tablet-grid-50","mobile-grid-100","grid-parent","grid-50"],"jetpack_publicize_connections":[],"jetpack_featured_media_url":"https:\/\/www.hoymercedes.com.ar\/principal\/wp-content\/uploads\/2020\/05\/Francisco-Viola-4.jpg","wps_subtitle":"Ajedrez","jetpack_sharing_enabled":true,"_links":{"self":[{"href":"https:\/\/www.hoymercedes.com.ar\/principal\/wp-json\/wp\/v2\/posts\/111248","targetHints":{"allow":["GET"]}}],"collection":[{"href":"https:\/\/www.hoymercedes.com.ar\/principal\/wp-json\/wp\/v2\/posts"}],"about":[{"href":"https:\/\/www.hoymercedes.com.ar\/principal\/wp-json\/wp\/v2\/types\/post"}],"author":[{"embeddable":true,"href":"https:\/\/www.hoymercedes.com.ar\/principal\/wp-json\/wp\/v2\/users\/1"}],"replies":[{"embeddable":true,"href":"https:\/\/www.hoymercedes.com.ar\/principal\/wp-json\/wp\/v2\/comments?post=111248"}],"version-history":[{"count":0,"href":"https:\/\/www.hoymercedes.com.ar\/principal\/wp-json\/wp\/v2\/posts\/111248\/revisions"}],"wp:featuredmedia":[{"embeddable":true,"href":"https:\/\/www.hoymercedes.com.ar\/principal\/wp-json\/wp\/v2\/media\/111261"}],"wp:attachment":[{"href":"https:\/\/www.hoymercedes.com.ar\/principal\/wp-json\/wp\/v2\/media?parent=111248"}],"wp:term":[{"taxonomy":"category","embeddable":true,"href":"https:\/\/www.hoymercedes.com.ar\/principal\/wp-json\/wp\/v2\/categories?post=111248"},{"taxonomy":"post_tag","embeddable":true,"href":"https:\/\/www.hoymercedes.com.ar\/principal\/wp-json\/wp\/v2\/tags?post=111248"}],"curies":[{"name":"wp","href":"https:\/\/api.w.org\/{rel}","templated":true}]}}