{"id":111249,"date":"2020-05-27T09:20:27","date_gmt":"2020-05-27T12:20:27","guid":{"rendered":"http:\/\/www.hoymercedes.com.ar\/principal\/?p=111249"},"modified":"2020-05-27T09:25:57","modified_gmt":"2020-05-27T12:25:57","slug":"municipio-autoriza-que-retome-el-servicio-domestico-y-el-trabajo-de-nineras","status":"publish","type":"post","link":"https:\/\/www.hoymercedes.com.ar\/principal\/2020\/05\/27\/municipio-autoriza-que-retome-el-servicio-domestico-y-el-trabajo-de-nineras\/","title":{"rendered":"Municipio autoriza que retome el servicio dom\u00e9stico y el trabajo de ni\u00f1eras"},"content":{"rendered":"\n<p>Con protocolos exclusivos, recientemente se notific\u00f3 que la Municipalidad de Mercedes emiti\u00f3 la autorizaci\u00f3n para que el servicio dom\u00e9stico y personas que cuidan ni\u00f1os y ni\u00f1as en la casa particular de qui\u00e9nes est\u00e9n exceptuados a nivel nacional, puedan retomar actividades m\u00e1s all\u00e1 del aislamiento obligatorio.  <\/p>\n\n\n\n<p>En el marco de una sesi\u00f3n del Concejo Deliberante, donde se debat\u00edan las autorizaciones municipales para retomar actividades no exceptuadas en el decreto original por el gobierno nacional. El hecho de que en Mercedes no tenga casos positivos de COVID-19 desde el mes de marzo, hizo que el Municipio a trav\u00e9s de la Secretar\u00eda de Gobierno, autorice distintas actividades. Este semana fue el turno de servicio de limpieza domiciliaria y  atenci\u00f3n de ni\u00f1os y ni\u00f1as en casa de familia. <\/p>\n\n\n\n<p><a href=\"http:\/\/protocoloscovid.mercedes.gob.ar\/\" target=\"_blank\" rel=\"noopener\">No o<\/a>bstante, las dos actividades deber\u00e1n cumplir con requisitos espec\u00edficos, entre ellos una declaraci\u00f3n jurada de parte de los empleadores para la circulaci\u00f3n hasta el puesto de trabajo que est\u00e1n explicitados en el sitio web municipal: <a href=\"http:\/\/protocoloscovid.mercedes.gob.ar\/\" target=\"_blank\" rel=\"noreferrer noopener\">http:\/\/protocoloscovid.mercedes.gob.ar\/ <\/a>  <\/p>\n\n\n\n<p>En el sitio web encontrar\u00e1n tambi\u00e9n el pedido de autorizaci\u00f3n y la inscripci\u00f3n. All\u00ed deber\u00e1n declarar los domicilios a donde prestar\u00e1n servicios con los datos completos de sus empleadores. <\/p>\n\n\n\n<p>\u00abEn los domicilios solo podr\u00e1 encontrarse el\/la trabajador\/a y las personas que viven en la propiedad. En caso de residir personas de m\u00e1s de 65 a\u00f1os, se deber\u00e1n tomar los recaudos correspondientes para evitar cualquier tipo de contacto con el\/la trabajador\/a que asiste a prestar servicios\u00bb explicita el protocolo para el servicio dom\u00e9stico. <\/p>\n\n\n\n<p>En cuanto al servicio de \u00abni\u00f1era\u00bb, la autorizaci\u00f3n es solo para trabajar en los domicilios de las personas que est\u00e1n exceptuadas en el decreto nacional y sus ampliaciones. \u00abCada empleador emitir\u00e1 un certificado en el que se establecer\u00e1 espec\u00edficamente nombre completo, D.N.I y direcci\u00f3n del trabajador, d\u00eda, horario en que debe asistir, nombre completo, D.N.I y domicilio del empleador (ANEXO I), actividad exceptuada que desarrolla, donde deber\u00e1 colocar el n\u00famero de registro que le emiti\u00f3 la plataforma protocoloscovid.mercedes.gob.ar al registrarse\u00bb, expresa el protocolo y resalta que deber\u00e1n tomar recaudos si en los domicilios hay personas mayores de 65 a\u00f1os. <\/p>\n\n\n\n<p><\/p>\n\n\n\n<p>.<\/p>\n\n\n\n<p> <\/p>\n","protected":false},"excerpt":{"rendered":"<p>Con protocolos exclusivos, recientemente se notific\u00f3 que la Municipalidad de Mercedes emiti\u00f3 la autorizaci\u00f3n para que el servicio dom\u00e9stico y &#8230; <a title=\"Municipio autoriza que retome el servicio dom\u00e9stico y el trabajo de ni\u00f1eras\" class=\"read-more\" href=\"https:\/\/www.hoymercedes.com.ar\/principal\/2020\/05\/27\/municipio-autoriza-que-retome-el-servicio-domestico-y-el-trabajo-de-nineras\/\" aria-label=\"Leer m\u00e1s sobre Municipio autoriza que retome el servicio dom\u00e9stico y el trabajo de ni\u00f1eras\">Leer m\u00e1s<\/a><\/p>\n","protected":false},"author":1,"featured_media":111251,"comment_status":"closed","ping_status":"open","sticky":false,"template":"","format":"standard","meta":{"_monsterinsights_skip_tracking":false,"_monsterinsights_sitenote_active":false,"_monsterinsights_sitenote_note":"","_monsterinsights_sitenote_category":0,"jetpack_post_was_ever_published":false,"_jetpack_newsletter_access":"","_jetpack_dont_email_post_to_subs":false,"_jetpack_newsletter_tier_id":0,"_jetpack_memberships_contains_paywalled_content":false,"_jetpack_memberships_contains_paid_content":false,"footnotes":"","jetpack_publicize_message":"","jetpack_publicize_feature_enabled":true,"jetpack_social_post_already_shared":true,"jetpack_social_options":{"image_generator_settings":{"template":"highway","default_image_id":0,"font":"","enabled":false},"version":2},"_wpas_customize_per_network":false},"categories":[30],"tags":[],"class_list":["post-111249","post","type-post","status-publish","format-standard","has-post-thumbnail","hentry","category-municipio","generate-columns","tablet-grid-50","mobile-grid-100","grid-parent","grid-50"],"jetpack_publicize_connections":[],"jetpack_featured_media_url":"https:\/\/www.hoymercedes.com.ar\/principal\/wp-content\/uploads\/2020\/05\/27-protocolos.jpg","wps_subtitle":"Con protocolos espec\u00edficos","jetpack_sharing_enabled":true,"_links":{"self":[{"href":"https:\/\/www.hoymercedes.com.ar\/principal\/wp-json\/wp\/v2\/posts\/111249","targetHints":{"allow":["GET"]}}],"collection":[{"href":"https:\/\/www.hoymercedes.com.ar\/principal\/wp-json\/wp\/v2\/posts"}],"about":[{"href":"https:\/\/www.hoymercedes.com.ar\/principal\/wp-json\/wp\/v2\/types\/post"}],"author":[{"embeddable":true,"href":"https:\/\/www.hoymercedes.com.ar\/principal\/wp-json\/wp\/v2\/users\/1"}],"replies":[{"embeddable":true,"href":"https:\/\/www.hoymercedes.com.ar\/principal\/wp-json\/wp\/v2\/comments?post=111249"}],"version-history":[{"count":0,"href":"https:\/\/www.hoymercedes.com.ar\/principal\/wp-json\/wp\/v2\/posts\/111249\/revisions"}],"wp:featuredmedia":[{"embeddable":true,"href":"https:\/\/www.hoymercedes.com.ar\/principal\/wp-json\/wp\/v2\/media\/111251"}],"wp:attachment":[{"href":"https:\/\/www.hoymercedes.com.ar\/principal\/wp-json\/wp\/v2\/media?parent=111249"}],"wp:term":[{"taxonomy":"category","embeddable":true,"href":"https:\/\/www.hoymercedes.com.ar\/principal\/wp-json\/wp\/v2\/categories?post=111249"},{"taxonomy":"post_tag","embeddable":true,"href":"https:\/\/www.hoymercedes.com.ar\/principal\/wp-json\/wp\/v2\/tags?post=111249"}],"curies":[{"name":"wp","href":"https:\/\/api.w.org\/{rel}","templated":true}]}}