{"id":111268,"date":"2020-05-27T18:28:23","date_gmt":"2020-05-27T21:28:23","guid":{"rendered":"http:\/\/www.hoymercedes.com.ar\/principal\/?p=111268"},"modified":"2020-05-27T10:44:25","modified_gmt":"2020-05-27T13:44:25","slug":"lucas-biglia-ve-con-buenos-ojos-volver-al-futbol-argentino","status":"publish","type":"post","link":"https:\/\/www.hoymercedes.com.ar\/principal\/2020\/05\/27\/lucas-biglia-ve-con-buenos-ojos-volver-al-futbol-argentino\/","title":{"rendered":"Lucas Biglia ve con buenos ojos volver al f\u00fatbol argentino"},"content":{"rendered":"\n<p>El subcampe\u00f3n del mundo con la Selecci\u00f3n en Brasil 2014 asegur\u00f3 que podr\u00eda volver al pa\u00eds en el futuro inmediato. Lucas Biglia, de 34 a\u00f1os habl\u00f3 sobre la finalizaci\u00f3n de su contrato con el Milan de Italia el pr\u00f3ximo 30 de junio y reconoci\u00f3 que las posibilidades de quedarse en el Rossonero son pocas, por lo que no descart\u00f3 volver a Argentina.<\/p>\n\n\n\n<figure class=\"wp-block-image size-large\"><img loading=\"lazy\" decoding=\"async\" width=\"862\" height=\"485\" data-attachment-id=\"111269\" data-permalink=\"https:\/\/www.hoymercedes.com.ar\/principal\/2020\/05\/27\/lucas-biglia-ve-con-buenos-ojos-volver-al-futbol-argentino\/lucas-biglia-milan-6\/#main\" data-orig-file=\"https:\/\/www.hoymercedes.com.ar\/principal\/wp-content\/uploads\/2020\/05\/Lucas-Biglia-Milan.jpg\" data-orig-size=\"862,485\" data-comments-opened=\"0\" data-image-meta=\"{&quot;aperture&quot;:&quot;0&quot;,&quot;credit&quot;:&quot;&quot;,&quot;camera&quot;:&quot;&quot;,&quot;caption&quot;:&quot;&quot;,&quot;created_timestamp&quot;:&quot;0&quot;,&quot;copyright&quot;:&quot;&quot;,&quot;focal_length&quot;:&quot;0&quot;,&quot;iso&quot;:&quot;0&quot;,&quot;shutter_speed&quot;:&quot;0&quot;,&quot;title&quot;:&quot;&quot;,&quot;orientation&quot;:&quot;0&quot;}\" data-image-title=\"Lucas-Biglia-Milan\" data-image-description=\"\" data-image-caption=\"\" data-large-file=\"https:\/\/www.hoymercedes.com.ar\/principal\/wp-content\/uploads\/2020\/05\/Lucas-Biglia-Milan.jpg\" src=\"https:\/\/www.hoymercedes.com.ar\/principal\/wp-content\/uploads\/2020\/05\/Lucas-Biglia-Milan.jpg\" alt=\"\" class=\"wp-image-111269\"\/><\/figure>\n\n\n\n<p>\u201cEst\u00e1 posibilidad de volver al f\u00fatbol argentino\u201d, desliz\u00f3 el mercedino a la radio FM 94.7 cuando explic\u00f3 que estaba analizando su futuro. Claro que Biglia tampoco descart\u00f3 quedarse en el Viejo Continente para realizar el curso de entrenador.<\/p>\n\n\n\n<p>Surgido de la cantera de Argentinos Juniors y con un satisfactorio paso por Independiente que lo impuls\u00f3 a la \u00e9lite del f\u00fatbol europeo, el volante no mencion\u00f3 a qu\u00e9 club podr\u00eda recalar en lo inmediato. Sin embargo, en este \u00faltimo tiempo desde Avellaneda se ilusionaron con su vuelta. El entrenador Lucas Pusineri fue uno de los que expres\u00f3 su deseo de que tanto \u00e9l como Sergio Ag\u00fcero retornen al Rojo.<\/p>\n","protected":false},"excerpt":{"rendered":"<p>El subcampe\u00f3n del mundo con la Selecci\u00f3n en Brasil 2014 asegur\u00f3 que podr\u00eda volver al pa\u00eds en el futuro inmediato. &#8230; <a title=\"Lucas Biglia ve con buenos ojos volver al f\u00fatbol argentino\" class=\"read-more\" href=\"https:\/\/www.hoymercedes.com.ar\/principal\/2020\/05\/27\/lucas-biglia-ve-con-buenos-ojos-volver-al-futbol-argentino\/\" aria-label=\"Leer m\u00e1s sobre Lucas Biglia ve con buenos ojos volver al f\u00fatbol argentino\">Leer m\u00e1s<\/a><\/p>\n","protected":false},"author":1,"featured_media":111269,"comment_status":"closed","ping_status":"open","sticky":false,"template":"","format":"standard","meta":{"_monsterinsights_skip_tracking":false,"_monsterinsights_sitenote_active":false,"_monsterinsights_sitenote_note":"","_monsterinsights_sitenote_category":0,"jetpack_post_was_ever_published":false,"_jetpack_newsletter_access":"","_jetpack_dont_email_post_to_subs":false,"_jetpack_newsletter_tier_id":0,"_jetpack_memberships_contains_paywalled_content":false,"_jetpack_memberships_contains_paid_content":false,"footnotes":"","jetpack_publicize_message":"","jetpack_publicize_feature_enabled":true,"jetpack_social_post_already_shared":true,"jetpack_social_options":{"image_generator_settings":{"template":"highway","default_image_id":0,"font":"","enabled":false},"version":2},"_wpas_customize_per_network":false},"categories":[21],"tags":[305,14210],"class_list":["post-111268","post","type-post","status-publish","format-standard","has-post-thumbnail","hentry","category-deportes","tag-lucas-biglia","tag-seleccion-argentina-2","generate-columns","tablet-grid-50","mobile-grid-100","grid-parent","grid-50"],"jetpack_publicize_connections":[],"jetpack_featured_media_url":"https:\/\/www.hoymercedes.com.ar\/principal\/wp-content\/uploads\/2020\/05\/Lucas-Biglia-Milan.jpg","wps_subtitle":"La Legi\u00f3n","jetpack_sharing_enabled":true,"_links":{"self":[{"href":"https:\/\/www.hoymercedes.com.ar\/principal\/wp-json\/wp\/v2\/posts\/111268","targetHints":{"allow":["GET"]}}],"collection":[{"href":"https:\/\/www.hoymercedes.com.ar\/principal\/wp-json\/wp\/v2\/posts"}],"about":[{"href":"https:\/\/www.hoymercedes.com.ar\/principal\/wp-json\/wp\/v2\/types\/post"}],"author":[{"embeddable":true,"href":"https:\/\/www.hoymercedes.com.ar\/principal\/wp-json\/wp\/v2\/users\/1"}],"replies":[{"embeddable":true,"href":"https:\/\/www.hoymercedes.com.ar\/principal\/wp-json\/wp\/v2\/comments?post=111268"}],"version-history":[{"count":0,"href":"https:\/\/www.hoymercedes.com.ar\/principal\/wp-json\/wp\/v2\/posts\/111268\/revisions"}],"wp:featuredmedia":[{"embeddable":true,"href":"https:\/\/www.hoymercedes.com.ar\/principal\/wp-json\/wp\/v2\/media\/111269"}],"wp:attachment":[{"href":"https:\/\/www.hoymercedes.com.ar\/principal\/wp-json\/wp\/v2\/media?parent=111268"}],"wp:term":[{"taxonomy":"category","embeddable":true,"href":"https:\/\/www.hoymercedes.com.ar\/principal\/wp-json\/wp\/v2\/categories?post=111268"},{"taxonomy":"post_tag","embeddable":true,"href":"https:\/\/www.hoymercedes.com.ar\/principal\/wp-json\/wp\/v2\/tags?post=111268"}],"curies":[{"name":"wp","href":"https:\/\/api.w.org\/{rel}","templated":true}]}}