{"id":111311,"date":"2020-05-28T11:23:26","date_gmt":"2020-05-28T14:23:26","guid":{"rendered":"http:\/\/www.hoymercedes.com.ar\/principal\/?p=111311"},"modified":"2020-05-28T11:23:31","modified_gmt":"2020-05-28T14:23:31","slug":"el-colegio-de-abogados-reabre-la-atencion-a-matriculados","status":"publish","type":"post","link":"https:\/\/www.hoymercedes.com.ar\/principal\/2020\/05\/28\/el-colegio-de-abogados-reabre-la-atencion-a-matriculados\/","title":{"rendered":"El Colegio de Abogados reabre la atenci\u00f3n a matriculados"},"content":{"rendered":"\n<p>Con autorizaci\u00f3n de la Municipalidad de Mercedes, el Colegio de Abogados del Departamento Judicial de Mercedes reabri\u00f3 sus puertas para atenci\u00f3n presencial de los matriculados. La instituci\u00f3n habilit\u00f3 tr\u00e1mites de car\u00e1cter esencial siguiendo un protocolo que permita garantizar la seguridad sanitaria de los trabajadores y profesionales de la abogac\u00eda que all\u00ed concurran en el marco de la actual pandemia.<\/p>\n\n\n\n<p>La atenci\u00f3n es en la Sede Central de calle 24 N\u00b0 705, 2do piso, y en la de calle 27\u00b0 641. Cabe destacar que por el momento no se abre al p\u00fablico espacios como la Sala de Profesionales, Biblioteca, Centro de Mediaci\u00f3n, Consultorio Jur\u00eddico Gratuito, \u00c1rea Acad\u00e9mica, ni Tribunal de Disciplina. Tampoco se emitir\u00e1n DNI, Pasaportes ni credenciales de abogados (se prorroga el vencimiento de credenciales hasta el 15 de agosto de 2020).<\/p>\n\n\n\n<p>El horario ser\u00e1 restringido y todo sujeto al protocolo establecido. Para los abogados y personal de estudios jur\u00eddicos, de lunes a viernes, de 9 a 13 horas. Para proveedores los viernes, de 9 a 12 horas. La disposici\u00f3n y m\u00e1s detalles se encuentran en la web del <a href=\"https:\/\/www.camercedes.org.ar\/reabre-el-colegio-de-abogados\/\" target=\"_blank\" rel=\"noreferrer noopener\">CADJM <\/a>:\u00a0<a rel=\"noreferrer noopener\" target=\"_blank\" href=\"http:\/\/www.camercedes.org.ar\/\">www.camercedes.org.ar<\/a><\/p>\n\n\n\n<p><strong>Guardia virtual en el Colegio durante los d\u00edas feriados, fines de semana, y fuera de horario dentro de la cuarentena<\/strong><\/p>\n\n\n\n<p>Atento los acontecimientos de p\u00fablico y notorio relacionados con el COVID-19, en consonancia con la responsabilidad hacia el matriculado que le incumbe a este Colegio de Abogados del Departamento Judicial de Mercedes, durante los d\u00edas feriados, fines de semana, y fuera de horario dentro de la cuarentena, permanecer\u00e1 una guardia virtual donde el matriculado podr\u00e1 llamar en caso de tener inconvenientes con el sistema de presentaciones y notificaciones electr\u00f3nicas, o con la renovaci\u00f3n o nuevo certificado de firma digital, como as\u00ed tambi\u00e9n ante cualquier otra situaci\u00f3n que amerite la intervenci\u00f3n del Colegio.<\/p>\n\n\n\n<p>Los matriculados podr\u00e1n recurrir las 24 hs al e-mail: gerencia.mendiola@camercedes.org.ar \u2013 M\u00e1s informaci\u00f3n en&nbsp;<a rel=\"noreferrer noopener\" target=\"_blank\" href=\"http:\/\/www.camercedes.org.ar\/\">www.camercedes.org.ar<\/a><\/p>\n\n\n\n<p><strong>Se habilit\u00f3 nueva forma de pago de matr\u00edcula y otros rubro<\/strong><\/p>\n\n\n\n<p>Para comodidad de los matriculados, se ha habilitado una nueva forma de pago de matr\u00edcula y muchos otros rubros relacionados con pagos al Colegio (ej, cursos, jornadas, etc.). Esta plataforma se implementa a trav\u00e9s de MERCADO PAGO, donde podr\u00e1 abonarse con tarjetas de cr\u00e9dito, d\u00e9bito, Pago Facil, Rapipago, etc.<\/p>\n\n\n\n<p>Los profesionales podr\u00e1n solicitar deuda o monto a abonar y link de pago a sede.central.criado@camercedes.org.ar (Mar\u00eda Jos\u00e9 Criado), o sede.central.doratti@camercedes.org.ar (Mar\u00eda Elena Doratti).<\/p>\n\n\n\n<p><strong>Pr\u00f3rroga de la validez de credenciales<\/strong><\/p>\n\n\n\n<p>Con motivo de la imposibilidad de renovaci\u00f3n de credenciales de abogados<em>&nbsp;-por la imposibilidad de movilidad de muchos abogados y adem\u00e1s pues ello implica un contacto personal cercano a los efectos de tomar foto y firma-&nbsp;<\/em>la Mesa Directiva ha resuelto prorrogar la validez de las credenciales -ya vencidas o que se venzan en el futuro- hasta el 30 de agosto de 2020. Quien no tenga credencial o la haya extraviado, podr\u00e1 solicitar certificado de matr\u00edcula a sede.central.cassani@camercedes.org.ar<\/p>\n","protected":false},"excerpt":{"rendered":"<p>Con autorizaci\u00f3n de la Municipalidad de Mercedes, el Colegio de Abogados del Departamento Judicial de Mercedes reabri\u00f3 sus puertas para &#8230; <a title=\"El Colegio de Abogados reabre la atenci\u00f3n a matriculados\" class=\"read-more\" href=\"https:\/\/www.hoymercedes.com.ar\/principal\/2020\/05\/28\/el-colegio-de-abogados-reabre-la-atencion-a-matriculados\/\" aria-label=\"Leer m\u00e1s sobre El Colegio de Abogados reabre la atenci\u00f3n a matriculados\">Leer m\u00e1s<\/a><\/p>\n","protected":false},"author":1,"featured_media":92718,"comment_status":"closed","ping_status":"open","sticky":false,"template":"","format":"standard","meta":{"_monsterinsights_skip_tracking":false,"_monsterinsights_sitenote_active":false,"_monsterinsights_sitenote_note":"","_monsterinsights_sitenote_category":0,"jetpack_post_was_ever_published":false,"_jetpack_newsletter_access":"","_jetpack_dont_email_post_to_subs":false,"_jetpack_newsletter_tier_id":0,"_jetpack_memberships_contains_paywalled_content":false,"_jetpack_memberships_contains_paid_content":false,"footnotes":"","jetpack_publicize_message":"","jetpack_publicize_feature_enabled":true,"jetpack_social_post_already_shared":true,"jetpack_social_options":{"image_generator_settings":{"template":"highway","default_image_id":0,"font":"","enabled":false},"version":2},"_wpas_customize_per_network":false},"categories":[8],"tags":[],"class_list":["post-111311","post","type-post","status-publish","format-standard","has-post-thumbnail","hentry","category-sociedad","generate-columns","tablet-grid-50","mobile-grid-100","grid-parent","grid-50"],"jetpack_publicize_connections":[],"jetpack_featured_media_url":"https:\/\/www.hoymercedes.com.ar\/principal\/wp-content\/uploads\/2019\/05\/Colegio-de-Abogados.png","wps_subtitle":"De lunes a viernes por la ma\u00f1ana","jetpack_sharing_enabled":true,"_links":{"self":[{"href":"https:\/\/www.hoymercedes.com.ar\/principal\/wp-json\/wp\/v2\/posts\/111311","targetHints":{"allow":["GET"]}}],"collection":[{"href":"https:\/\/www.hoymercedes.com.ar\/principal\/wp-json\/wp\/v2\/posts"}],"about":[{"href":"https:\/\/www.hoymercedes.com.ar\/principal\/wp-json\/wp\/v2\/types\/post"}],"author":[{"embeddable":true,"href":"https:\/\/www.hoymercedes.com.ar\/principal\/wp-json\/wp\/v2\/users\/1"}],"replies":[{"embeddable":true,"href":"https:\/\/www.hoymercedes.com.ar\/principal\/wp-json\/wp\/v2\/comments?post=111311"}],"version-history":[{"count":0,"href":"https:\/\/www.hoymercedes.com.ar\/principal\/wp-json\/wp\/v2\/posts\/111311\/revisions"}],"wp:featuredmedia":[{"embeddable":true,"href":"https:\/\/www.hoymercedes.com.ar\/principal\/wp-json\/wp\/v2\/media\/92718"}],"wp:attachment":[{"href":"https:\/\/www.hoymercedes.com.ar\/principal\/wp-json\/wp\/v2\/media?parent=111311"}],"wp:term":[{"taxonomy":"category","embeddable":true,"href":"https:\/\/www.hoymercedes.com.ar\/principal\/wp-json\/wp\/v2\/categories?post=111311"},{"taxonomy":"post_tag","embeddable":true,"href":"https:\/\/www.hoymercedes.com.ar\/principal\/wp-json\/wp\/v2\/tags?post=111311"}],"curies":[{"name":"wp","href":"https:\/\/api.w.org\/{rel}","templated":true}]}}