{"id":111335,"date":"2020-05-28T15:02:00","date_gmt":"2020-05-28T18:02:00","guid":{"rendered":"http:\/\/www.hoymercedes.com.ar\/principal\/?p=111335"},"modified":"2020-05-28T21:50:51","modified_gmt":"2020-05-29T00:50:51","slug":"municipio-refuerza-acciones-barriales-para-prevenir-y-controlar-el-coronavirus","status":"publish","type":"post","link":"https:\/\/www.hoymercedes.com.ar\/principal\/2020\/05\/28\/municipio-refuerza-acciones-barriales-para-prevenir-y-controlar-el-coronavirus\/","title":{"rendered":"Municipio refuerza acciones barriales para prevenir y controlar el coronavirus"},"content":{"rendered":"\n<p>Por Prensa Municipal &#8211; En el marco del Comit\u00e9 Operativo de Emergencia la municipalidad de Mercedes y referentes barriales efectuaron tareas de prevenci\u00f3n y control del coronavirus. Se efectu\u00f3 encuesta socio sanitaria, se inform\u00f3 y verific\u00f3 el estado de las familias.\u00a0\u201cLo que intentamos es generar puentes y v\u00ednculos solidarios, como as\u00ed tambi\u00e9n informaci\u00f3n que le permita al vecino sentirse contenido en momentos tan agobiantes para todos\u201d afirm\u00f3 el intendente Juan Ignacio Ustarroz.\u00a0\u00a0<\/p>\n\n\n\n<figure class=\"wp-block-image size-large\"><img loading=\"lazy\" decoding=\"async\" width=\"800\" height=\"533\" data-attachment-id=\"111336\" data-permalink=\"https:\/\/www.hoymercedes.com.ar\/principal\/2020\/05\/28\/municipio-refuerza-acciones-barriales-para-prevenir-y-controlar-el-coronavirus\/28-muni-salud\/#main\" data-orig-file=\"https:\/\/www.hoymercedes.com.ar\/principal\/wp-content\/uploads\/2020\/05\/28-muni-salud.jpg\" data-orig-size=\"800,533\" data-comments-opened=\"0\" data-image-meta=\"{&quot;aperture&quot;:&quot;0&quot;,&quot;credit&quot;:&quot;&quot;,&quot;camera&quot;:&quot;&quot;,&quot;caption&quot;:&quot;&quot;,&quot;created_timestamp&quot;:&quot;0&quot;,&quot;copyright&quot;:&quot;&quot;,&quot;focal_length&quot;:&quot;0&quot;,&quot;iso&quot;:&quot;0&quot;,&quot;shutter_speed&quot;:&quot;0&quot;,&quot;title&quot;:&quot;&quot;,&quot;orientation&quot;:&quot;0&quot;}\" data-image-title=\"28 muni salud\" data-image-description=\"\" data-image-caption=\"\" data-large-file=\"https:\/\/www.hoymercedes.com.ar\/principal\/wp-content\/uploads\/2020\/05\/28-muni-salud.jpg\" src=\"https:\/\/www.hoymercedes.com.ar\/principal\/wp-content\/uploads\/2020\/05\/28-muni-salud.jpg\" alt=\"\" class=\"wp-image-111336\"\/><\/figure>\n\n\n\n<p>Asimismo, el intendente Ustarroz agradeci\u00f3 la presencia de todos los que estaban llevando a cabo tareas, y en especial, a Celeste Burone qui\u00e9n \u201cadem\u00e1s de su responsabilidad institucional, como referente de barrio junto a todos los que vecinos, est\u00e1n llevando adelante esta tarea, que apunta a la prevenci\u00f3n y posible actuaci\u00f3n ante el COVID-19\u201d.<\/p>\n\n\n\n<p>\u201cA trav\u00e9s de estas encuestas elevamos muchos datos e informaci\u00f3n importante que intenta evitar el contagio o posible propagaci\u00f3n de esta enfermedad que nos afecta a todos\u201d apunt\u00f3 Ustarroz y se\u00f1al\u00f3 \u201cestamos trabajando en conjunto, cada qui\u00e9n aportando su granito de arena, velando por la salud y el bienestar de todos los vecinos de mercedes, porque entendemos es la mejor forma, a trav\u00e9s de la cual, atravesaremos este periodo tan dif\u00edcil que nos toca vivir\u201d.<\/p>\n\n\n\n<p>Conjuntamente, el intendente Ustarroz destac\u00f3 \u201ccreo que esta crisis debe servirnos para que surja lo mejor de nuestra condici\u00f3n humana en nuestro pueblo, son momentos dif\u00edciles que requieren que estemos todos unidos\u201d.<\/p>\n\n\n\n<p>La Lic. Celeste Burone, quien estuvo presente declar\u00f3 \u201cestamos recorriendo este barrio, uno de los m\u00e1s numerosos, esta es una idea del Municipio de Mercedes que a nosotros nos pareci\u00f3 fundamental\u201d y agreg\u00f3 \u201cla idea es ponernos a disposici\u00f3n de los vecinos ante la situaci\u00f3n que estamos viviendo\u201d.<\/p>\n\n\n\n<p>En ese sentido, Burone expres\u00f3 \u201clos vecinos nos han recibido muy bien, ellos piensan que el Estado los est\u00e1 cuidando, necesitan este tipo de acciones y entienden que este es un trabajo de prevenci\u00f3n en salud que si lo hacemos entre todos es mucho mejor\u201d.<\/p>\n\n\n\n<p>Por otro lado, inform\u00f3 \u201ceste es uno de los puntos de refuerzo, aqu\u00ed se efect\u00faa entrega de mercader\u00eda, d\u00f3nde adem\u00e1s, el Municipio asiste a familias en extrema vulnerabilidad\u201d y apunt\u00f3 \u201clos vecinos agradecen que el Estado se preocupe y est\u00e9 presente en momentos de tanta angustia y preocupaci\u00f3n para todos\u201d.&nbsp;&nbsp;&nbsp;&nbsp;&nbsp;<\/p>\n","protected":false},"excerpt":{"rendered":"<p>Por Prensa Municipal &#8211; En el marco del Comit\u00e9 Operativo de Emergencia la municipalidad de Mercedes y referentes barriales efectuaron &#8230; <a title=\"Municipio refuerza acciones barriales para prevenir y controlar el coronavirus\" class=\"read-more\" href=\"https:\/\/www.hoymercedes.com.ar\/principal\/2020\/05\/28\/municipio-refuerza-acciones-barriales-para-prevenir-y-controlar-el-coronavirus\/\" aria-label=\"Leer m\u00e1s sobre Municipio refuerza acciones barriales para prevenir y controlar el coronavirus\">Leer m\u00e1s<\/a><\/p>\n","protected":false},"author":1,"featured_media":111336,"comment_status":"closed","ping_status":"open","sticky":false,"template":"","format":"standard","meta":{"_monsterinsights_skip_tracking":false,"_monsterinsights_sitenote_active":false,"_monsterinsights_sitenote_note":"","_monsterinsights_sitenote_category":0,"jetpack_post_was_ever_published":false,"_jetpack_newsletter_access":"","_jetpack_dont_email_post_to_subs":false,"_jetpack_newsletter_tier_id":0,"_jetpack_memberships_contains_paywalled_content":false,"_jetpack_memberships_contains_paid_content":false,"footnotes":"","jetpack_publicize_message":"","jetpack_publicize_feature_enabled":true,"jetpack_social_post_already_shared":true,"jetpack_social_options":{"image_generator_settings":{"template":"highway","default_image_id":0,"font":"","enabled":false},"version":2},"_wpas_customize_per_network":false},"categories":[30],"tags":[16661,16417,244],"class_list":["post-111335","post","type-post","status-publish","format-standard","has-post-thumbnail","hentry","category-municipio","tag-acciones-barriales","tag-aislamiento","tag-municipio-2","generate-columns","tablet-grid-50","mobile-grid-100","grid-parent","grid-50"],"jetpack_publicize_connections":[],"jetpack_featured_media_url":"https:\/\/www.hoymercedes.com.ar\/principal\/wp-content\/uploads\/2020\/05\/28-muni-salud.jpg","wps_subtitle":"Controles en Santa Teresita","jetpack_sharing_enabled":true,"_links":{"self":[{"href":"https:\/\/www.hoymercedes.com.ar\/principal\/wp-json\/wp\/v2\/posts\/111335","targetHints":{"allow":["GET"]}}],"collection":[{"href":"https:\/\/www.hoymercedes.com.ar\/principal\/wp-json\/wp\/v2\/posts"}],"about":[{"href":"https:\/\/www.hoymercedes.com.ar\/principal\/wp-json\/wp\/v2\/types\/post"}],"author":[{"embeddable":true,"href":"https:\/\/www.hoymercedes.com.ar\/principal\/wp-json\/wp\/v2\/users\/1"}],"replies":[{"embeddable":true,"href":"https:\/\/www.hoymercedes.com.ar\/principal\/wp-json\/wp\/v2\/comments?post=111335"}],"version-history":[{"count":0,"href":"https:\/\/www.hoymercedes.com.ar\/principal\/wp-json\/wp\/v2\/posts\/111335\/revisions"}],"wp:featuredmedia":[{"embeddable":true,"href":"https:\/\/www.hoymercedes.com.ar\/principal\/wp-json\/wp\/v2\/media\/111336"}],"wp:attachment":[{"href":"https:\/\/www.hoymercedes.com.ar\/principal\/wp-json\/wp\/v2\/media?parent=111335"}],"wp:term":[{"taxonomy":"category","embeddable":true,"href":"https:\/\/www.hoymercedes.com.ar\/principal\/wp-json\/wp\/v2\/categories?post=111335"},{"taxonomy":"post_tag","embeddable":true,"href":"https:\/\/www.hoymercedes.com.ar\/principal\/wp-json\/wp\/v2\/tags?post=111335"}],"curies":[{"name":"wp","href":"https:\/\/api.w.org\/{rel}","templated":true}]}}