{"id":111339,"date":"2020-05-29T07:37:00","date_gmt":"2020-05-29T10:37:00","guid":{"rendered":"http:\/\/www.hoymercedes.com.ar\/principal\/?p=111339"},"modified":"2020-05-28T21:48:38","modified_gmt":"2020-05-29T00:48:38","slug":"cabios-en-el-horario-de-recoleccion-de-residuos","status":"publish","type":"post","link":"https:\/\/www.hoymercedes.com.ar\/principal\/2020\/05\/29\/cabios-en-el-horario-de-recoleccion-de-residuos\/","title":{"rendered":"Cabios en el horario de recolecci\u00f3n de residuos"},"content":{"rendered":"\n<p>La Municipalidad de Mercedes a trav\u00e9s del \u00e1rea de Servicios P\u00fablicos inform\u00f3 que, a partir del lunes 1 de junio, el horario de recolecci\u00f3n de residuos nocturno se modifica, ahora el servicio comenzar\u00e1 a partir de las 18:00 horas y culmina a las 24:00, de domingo a jueves.<\/p>\n\n\n\n<p>Desde el \u00e1rea explicaron que \u201cla medida se realiza para mejorar la calidad del servicio en tiempos de pandemia, intentando que los residuos est\u00e9n la menor cantidad de tiempo en la v\u00eda p\u00fablica, a fin de evitar la diseminaci\u00f3n de los mismos por distintos motivos\u201d, afirm\u00f3 el sub secretario Lu\u00eds Ponce.<\/p>\n\n\n\n<p>Adem\u00e1s, solicitaron a la poblaci\u00f3n \u201ccolaboraci\u00f3n para mantener la higiene y la limpieza en la ciudad, evitando sacar bolsas de residuos en los d\u00edas que no se presta servicio\u201d.<\/p>\n\n\n\n<p>Asimismo, desde la comuna se contin\u00faa con el lavado de los diferentes contenedores de la ciudad \u201ccon equipo de hidrolavado -contiene agua y cloro- se limpian no s\u00f3lo el contenedor de basura, sino adem\u00e1s, toda la zona donde est\u00e1 depositado el mismo\u201d. &nbsp;<\/p>\n\n\n\n<p>Este plan de desinfecci\u00f3n del espacio p\u00fablico se viene desarrollando en calles, veredas, contenedores, garitas de colectivos, plazas, escuelas, centros de atenci\u00f3n primaria de la salud (CAPS) y diferentes edificios donde los vecinos concurren asiduamente, es decir, una medida de higiene que intenta prevenir el contagio del coronavirus.<\/p>\n\n\n\n<p>Fuente: Prensa Municipal<\/p>\n","protected":false},"excerpt":{"rendered":"<p>La Municipalidad de Mercedes a trav\u00e9s del \u00e1rea de Servicios P\u00fablicos inform\u00f3 que, a partir del lunes 1 de junio, &#8230; <a title=\"Cabios en el horario de recolecci\u00f3n de residuos\" class=\"read-more\" href=\"https:\/\/www.hoymercedes.com.ar\/principal\/2020\/05\/29\/cabios-en-el-horario-de-recoleccion-de-residuos\/\" aria-label=\"Leer m\u00e1s sobre Cabios en el horario de recolecci\u00f3n de residuos\">Leer m\u00e1s<\/a><\/p>\n","protected":false},"author":1,"featured_media":111340,"comment_status":"closed","ping_status":"open","sticky":false,"template":"","format":"standard","meta":{"_monsterinsights_skip_tracking":false,"_monsterinsights_sitenote_active":false,"_monsterinsights_sitenote_note":"","_monsterinsights_sitenote_category":0,"jetpack_post_was_ever_published":false,"_jetpack_newsletter_access":"","_jetpack_dont_email_post_to_subs":false,"_jetpack_newsletter_tier_id":0,"_jetpack_memberships_contains_paywalled_content":false,"_jetpack_memberships_contains_paid_content":false,"footnotes":"","jetpack_publicize_message":"","jetpack_publicize_feature_enabled":true,"jetpack_social_post_already_shared":true,"jetpack_social_options":{"image_generator_settings":{"template":"highway","default_image_id":0,"font":"","enabled":false},"version":2},"_wpas_customize_per_network":false},"categories":[30],"tags":[244,4382],"class_list":["post-111339","post","type-post","status-publish","format-standard","has-post-thumbnail","hentry","category-municipio","tag-municipio-2","tag-recoleccion-de-residuos","generate-columns","tablet-grid-50","mobile-grid-100","grid-parent","grid-50"],"jetpack_publicize_connections":[],"jetpack_featured_media_url":"https:\/\/www.hoymercedes.com.ar\/principal\/wp-content\/uploads\/2020\/05\/28-recoleccion.jpg","wps_subtitle":"A partir del 1\u00b0 de junio","jetpack_sharing_enabled":true,"_links":{"self":[{"href":"https:\/\/www.hoymercedes.com.ar\/principal\/wp-json\/wp\/v2\/posts\/111339","targetHints":{"allow":["GET"]}}],"collection":[{"href":"https:\/\/www.hoymercedes.com.ar\/principal\/wp-json\/wp\/v2\/posts"}],"about":[{"href":"https:\/\/www.hoymercedes.com.ar\/principal\/wp-json\/wp\/v2\/types\/post"}],"author":[{"embeddable":true,"href":"https:\/\/www.hoymercedes.com.ar\/principal\/wp-json\/wp\/v2\/users\/1"}],"replies":[{"embeddable":true,"href":"https:\/\/www.hoymercedes.com.ar\/principal\/wp-json\/wp\/v2\/comments?post=111339"}],"version-history":[{"count":0,"href":"https:\/\/www.hoymercedes.com.ar\/principal\/wp-json\/wp\/v2\/posts\/111339\/revisions"}],"wp:featuredmedia":[{"embeddable":true,"href":"https:\/\/www.hoymercedes.com.ar\/principal\/wp-json\/wp\/v2\/media\/111340"}],"wp:attachment":[{"href":"https:\/\/www.hoymercedes.com.ar\/principal\/wp-json\/wp\/v2\/media?parent=111339"}],"wp:term":[{"taxonomy":"category","embeddable":true,"href":"https:\/\/www.hoymercedes.com.ar\/principal\/wp-json\/wp\/v2\/categories?post=111339"},{"taxonomy":"post_tag","embeddable":true,"href":"https:\/\/www.hoymercedes.com.ar\/principal\/wp-json\/wp\/v2\/tags?post=111339"}],"curies":[{"name":"wp","href":"https:\/\/api.w.org\/{rel}","templated":true}]}}