{"id":111353,"date":"2020-05-29T10:36:37","date_gmt":"2020-05-29T13:36:37","guid":{"rendered":"http:\/\/www.hoymercedes.com.ar\/principal\/?p=111353"},"modified":"2020-05-29T13:05:35","modified_gmt":"2020-05-29T16:05:35","slug":"invitan-a-rezar-el-rosario-junto-al-papa","status":"publish","type":"post","link":"https:\/\/www.hoymercedes.com.ar\/principal\/2020\/05\/29\/invitan-a-rezar-el-rosario-junto-al-papa\/","title":{"rendered":"Invitan a rezar el rosario junto al Papa"},"content":{"rendered":"\n<p>El Arzobispo de Mercedes &#8211; Luj\u00e1n, Mons. Jorge Eduardo Scheniig, hace extensiva la invitaci\u00f3n a la convocatoria realizada por el Papa Francisco para rezar el Santo Rosario\u00bb junto a \u00e9l y a los Santuarios del Mundo. <\/p>\n\n\n\n<p>\u00abQueridas hermanas, queridos hermanos: Rezar el Rosario junto al Papa Francisco\u00a0 y a otros Santuarios de todo el mundo en este tiempo de pandemia es un signo de esperanza, porque junto a Mar\u00eda Sant\u00edsima, Madre de Dios y Madre nuestra, sentiremos que nuestro coraz\u00f3n se abre a la fuerza del Esp\u00edritu Santo para caminar unidos hacia un mundo nuevo, m\u00e1s humano, m\u00e1s justo, m\u00e1s fraterno\u00bb, expresa el Arzobispo Jorge Eduardo. <\/p>\n\n\n\n<p>La convocatoria es para el s\u00e1bado 30, 17:30 horas de Roma (12:30 hs de Argentina) desde la gruta de Lourdes en los Jardines Vaticanos <\/p>\n\n\n\n<p>Realizar\u00e1n transmisi\u00f3n en vivo por el Canal de Youtube Santuario de Luj\u00e1n\u00a0y a trav\u00e9s del Facebook del Arzobispado Mercedes- Luj\u00e1n. <\/p>\n\n\n\n<figure class=\"wp-block-image size-large\"><img loading=\"lazy\" decoding=\"async\" width=\"800\" height=\"411\" data-attachment-id=\"111354\" data-permalink=\"https:\/\/www.hoymercedes.com.ar\/principal\/2020\/05\/29\/invitan-a-rezar-el-rosario-junto-al-papa\/29-rosariofrancisco1-01\/#main\" data-orig-file=\"https:\/\/www.hoymercedes.com.ar\/principal\/wp-content\/uploads\/2020\/05\/29-rosariofrancisco1-01.jpg\" data-orig-size=\"800,411\" data-comments-opened=\"0\" data-image-meta=\"{&quot;aperture&quot;:&quot;0&quot;,&quot;credit&quot;:&quot;&quot;,&quot;camera&quot;:&quot;&quot;,&quot;caption&quot;:&quot;&quot;,&quot;created_timestamp&quot;:&quot;0&quot;,&quot;copyright&quot;:&quot;&quot;,&quot;focal_length&quot;:&quot;0&quot;,&quot;iso&quot;:&quot;0&quot;,&quot;shutter_speed&quot;:&quot;0&quot;,&quot;title&quot;:&quot;&quot;,&quot;orientation&quot;:&quot;0&quot;}\" data-image-title=\"29 rosariofrancisco1-01\" data-image-description=\"\" data-image-caption=\"\" data-large-file=\"https:\/\/www.hoymercedes.com.ar\/principal\/wp-content\/uploads\/2020\/05\/29-rosariofrancisco1-01.jpg\" src=\"https:\/\/www.hoymercedes.com.ar\/principal\/wp-content\/uploads\/2020\/05\/29-rosariofrancisco1-01.jpg\" alt=\"\" class=\"wp-image-111354\"\/><\/figure>\n","protected":false},"excerpt":{"rendered":"<p>El Arzobispo de Mercedes &#8211; Luj\u00e1n, Mons. Jorge Eduardo Scheniig, hace extensiva la invitaci\u00f3n a la convocatoria realizada por el &#8230; <a title=\"Invitan a rezar el rosario junto al Papa\" class=\"read-more\" href=\"https:\/\/www.hoymercedes.com.ar\/principal\/2020\/05\/29\/invitan-a-rezar-el-rosario-junto-al-papa\/\" aria-label=\"Leer m\u00e1s sobre Invitan a rezar el rosario junto al Papa\">Leer m\u00e1s<\/a><\/p>\n","protected":false},"author":1,"featured_media":111354,"comment_status":"closed","ping_status":"open","sticky":false,"template":"","format":"standard","meta":{"_monsterinsights_skip_tracking":false,"_monsterinsights_sitenote_active":false,"_monsterinsights_sitenote_note":"","_monsterinsights_sitenote_category":0,"jetpack_post_was_ever_published":false,"_jetpack_newsletter_access":"","_jetpack_dont_email_post_to_subs":false,"_jetpack_newsletter_tier_id":0,"_jetpack_memberships_contains_paywalled_content":false,"_jetpack_memberships_contains_paid_content":false,"footnotes":"","jetpack_publicize_message":"","jetpack_publicize_feature_enabled":true,"jetpack_social_post_already_shared":true,"jetpack_social_options":{"image_generator_settings":{"template":"highway","default_image_id":0,"font":"","enabled":false},"version":2},"_wpas_customize_per_network":false},"categories":[8],"tags":[3014,3293],"class_list":["post-111353","post","type-post","status-publish","format-standard","has-post-thumbnail","hentry","category-sociedad","tag-arzobispado-mercedes-lujan","tag-papa-francisco","generate-columns","tablet-grid-50","mobile-grid-100","grid-parent","grid-50"],"jetpack_publicize_connections":[],"jetpack_featured_media_url":"https:\/\/www.hoymercedes.com.ar\/principal\/wp-content\/uploads\/2020\/05\/29-rosariofrancisco1-01.jpg","wps_subtitle":"","jetpack_sharing_enabled":true,"_links":{"self":[{"href":"https:\/\/www.hoymercedes.com.ar\/principal\/wp-json\/wp\/v2\/posts\/111353","targetHints":{"allow":["GET"]}}],"collection":[{"href":"https:\/\/www.hoymercedes.com.ar\/principal\/wp-json\/wp\/v2\/posts"}],"about":[{"href":"https:\/\/www.hoymercedes.com.ar\/principal\/wp-json\/wp\/v2\/types\/post"}],"author":[{"embeddable":true,"href":"https:\/\/www.hoymercedes.com.ar\/principal\/wp-json\/wp\/v2\/users\/1"}],"replies":[{"embeddable":true,"href":"https:\/\/www.hoymercedes.com.ar\/principal\/wp-json\/wp\/v2\/comments?post=111353"}],"version-history":[{"count":0,"href":"https:\/\/www.hoymercedes.com.ar\/principal\/wp-json\/wp\/v2\/posts\/111353\/revisions"}],"wp:featuredmedia":[{"embeddable":true,"href":"https:\/\/www.hoymercedes.com.ar\/principal\/wp-json\/wp\/v2\/media\/111354"}],"wp:attachment":[{"href":"https:\/\/www.hoymercedes.com.ar\/principal\/wp-json\/wp\/v2\/media?parent=111353"}],"wp:term":[{"taxonomy":"category","embeddable":true,"href":"https:\/\/www.hoymercedes.com.ar\/principal\/wp-json\/wp\/v2\/categories?post=111353"},{"taxonomy":"post_tag","embeddable":true,"href":"https:\/\/www.hoymercedes.com.ar\/principal\/wp-json\/wp\/v2\/tags?post=111353"}],"curies":[{"name":"wp","href":"https:\/\/api.w.org\/{rel}","templated":true}]}}