{"id":111363,"date":"2020-05-29T11:36:00","date_gmt":"2020-05-29T14:36:00","guid":{"rendered":"http:\/\/www.hoymercedes.com.ar\/principal\/?p=111363"},"modified":"2020-05-29T13:05:12","modified_gmt":"2020-05-29T16:05:12","slug":"seguridad-municipal-recuerda-la-necesidad-de-tener-los-permisos-correspondientes","status":"publish","type":"post","link":"https:\/\/www.hoymercedes.com.ar\/principal\/2020\/05\/29\/seguridad-municipal-recuerda-la-necesidad-de-tener-los-permisos-correspondientes\/","title":{"rendered":"Seguridad Municipal recuerda la necesidad de tener los permisos correspondientes"},"content":{"rendered":"\n<p>La Secretar\u00eda de Seguridad Municipal junto a fuerzas de seguridad advierten que el aislamiento social preventivo y obligatorio sigue vigente, y que por ese motivo, m\u00e1s all\u00e1 de la flexibilizaci\u00f3n de la cuarentena, los vecinos no pueden circular sin los permisos o excepciones correspondientes. En nuestra ciudad ya se han iniciado m\u00e1s de 1000 causas por deambular en la v\u00eda p\u00fablica sin justificativo ni excepci\u00f3n emitida por los entes gubernamentales.<\/p>\n\n\n\n<p>El secretario de seguridad, Gast\u00f3n Arenas apunt\u00f3 \u201cdesde que comenz\u00f3 la cuarentena existe un art\u00edculo del c\u00f3digo penal que es el 205, sumado al decreto emitido por el Presidente de la Naci\u00f3n, que apunta que las personas no pueden deambular por la v\u00eda p\u00fablica si no tiene alguna excepci\u00f3n para poder hacerlo\u201d.<\/p>\n\n\n\n<p>En ese sentido, Arenas cont\u00f3 \u201cla polic\u00eda va realizando los diferentes controles y cuando no hay ning\u00fan justificativo para esas personas de estar en la calle se le aplica el art\u00edculo 205 y 239 del c\u00f3digo penal, se le da intervenci\u00f3n de inmediato al juzgado federal\u201d y agreg\u00f3 \u201cel procedimiento de rutina consiste en llevar a estar personas a la comisar\u00eda donde se le efect\u00faa la causa judicial, una vez que la persona queda liberada, se le comunica -poni\u00e9ndolo en conocimiento- que queda procesada, y que no s\u00f3lo conllevar\u00e1 una pena, sino que adem\u00e1s, el antecedente ante cualquier tr\u00e1mite subyace en su legajo, que no es poca cosa\u201d.<\/p>\n\n\n\n<p>\u201cEn su gran mayor\u00eda las personas procesadas tienen entre 18 y 30 a\u00f1os, los primeros 15 d\u00edas fueron pocos los casos, pero las causas fueron aumentando a medida que los d\u00edas fueron pasando. En general, fueron realizadas a personas que andaban en la calle sin ning\u00fan motivo\u201d asegur\u00f3 Arenas y a\u00f1adi\u00f3 \u201clos casos mayormente se dan por la tarde y el d\u00eda m\u00e1s problem\u00e1tico es el s\u00e1bado\u201d.<\/p>\n\n\n\n<p>En este sentido, Gast\u00f3n Arenas se\u00f1al\u00f3 \u201clas fuerzas de seguridad tienen el criterio y la coherencia necesaria para saber qui\u00e9n sale a trabajar y qui\u00e9n est\u00e1 deambulando porque quer\u00edas salir a andar una vuelta\u201d.<\/p>\n\n\n\n<p>Asimismo, el Secretario de Seguridad manifest\u00f3 \u201cen general el mercedino respeta bastante, existen algunos barrios m\u00e1s complicados en ese sentido, no es general, pero hay vecinos que respetan y otros no. Desde nuestra \u00e1rea intentamos concientizar a los vecinos para que mantengan la cuarentena a sabiendas que es por el bien com\u00fan\u201d y valor\u00f3 \u201clas fuerzas de seguridad est\u00e1n haciendo un trabajo impresionante que deber\u00eda ser reconocido por la sociedad, haciendo controles, concientizando, cuidando a los vecinos en general\u201d.<\/p>\n\n\n\n<p>\u201cAnte cualquier duda llamar al 147, es preferible prevenir, porque todos estamos trabajando en post de dar seguridad a la ciudadan\u00eda\u201d afirm\u00f3 Gast\u00f3n Arenas, secretario de seguridad.<\/p>\n","protected":false},"excerpt":{"rendered":"<p>La Secretar\u00eda de Seguridad Municipal junto a fuerzas de seguridad advierten que el aislamiento social preventivo y obligatorio sigue vigente, &#8230; <a title=\"Seguridad Municipal recuerda la necesidad de tener los permisos correspondientes\" class=\"read-more\" href=\"https:\/\/www.hoymercedes.com.ar\/principal\/2020\/05\/29\/seguridad-municipal-recuerda-la-necesidad-de-tener-los-permisos-correspondientes\/\" aria-label=\"Leer m\u00e1s sobre Seguridad Municipal recuerda la necesidad de tener los permisos correspondientes\">Leer m\u00e1s<\/a><\/p>\n","protected":false},"author":1,"featured_media":106876,"comment_status":"closed","ping_status":"open","sticky":false,"template":"","format":"standard","meta":{"_monsterinsights_skip_tracking":false,"_monsterinsights_sitenote_active":false,"_monsterinsights_sitenote_note":"","_monsterinsights_sitenote_category":0,"jetpack_post_was_ever_published":false,"_jetpack_newsletter_access":"","_jetpack_dont_email_post_to_subs":false,"_jetpack_newsletter_tier_id":0,"_jetpack_memberships_contains_paywalled_content":false,"_jetpack_memberships_contains_paid_content":false,"footnotes":"","jetpack_publicize_message":"","jetpack_publicize_feature_enabled":true,"jetpack_social_post_already_shared":true,"jetpack_social_options":{"image_generator_settings":{"template":"highway","default_image_id":0,"font":"","enabled":false},"version":2},"_wpas_customize_per_network":false},"categories":[30],"tags":[16664,771,802],"class_list":["post-111363","post","type-post","status-publish","format-standard","has-post-thumbnail","hentry","category-municipio","tag-certificados-de-circulacion","tag-municipalidad","tag-seguridad","generate-columns","tablet-grid-50","mobile-grid-100","grid-parent","grid-50"],"jetpack_publicize_connections":[],"jetpack_featured_media_url":"https:\/\/www.hoymercedes.com.ar\/principal\/wp-content\/uploads\/2020\/03\/OperativoDeSeguridad_copy_800x534.jpg","wps_subtitle":"","jetpack_sharing_enabled":true,"_links":{"self":[{"href":"https:\/\/www.hoymercedes.com.ar\/principal\/wp-json\/wp\/v2\/posts\/111363","targetHints":{"allow":["GET"]}}],"collection":[{"href":"https:\/\/www.hoymercedes.com.ar\/principal\/wp-json\/wp\/v2\/posts"}],"about":[{"href":"https:\/\/www.hoymercedes.com.ar\/principal\/wp-json\/wp\/v2\/types\/post"}],"author":[{"embeddable":true,"href":"https:\/\/www.hoymercedes.com.ar\/principal\/wp-json\/wp\/v2\/users\/1"}],"replies":[{"embeddable":true,"href":"https:\/\/www.hoymercedes.com.ar\/principal\/wp-json\/wp\/v2\/comments?post=111363"}],"version-history":[{"count":0,"href":"https:\/\/www.hoymercedes.com.ar\/principal\/wp-json\/wp\/v2\/posts\/111363\/revisions"}],"wp:featuredmedia":[{"embeddable":true,"href":"https:\/\/www.hoymercedes.com.ar\/principal\/wp-json\/wp\/v2\/media\/106876"}],"wp:attachment":[{"href":"https:\/\/www.hoymercedes.com.ar\/principal\/wp-json\/wp\/v2\/media?parent=111363"}],"wp:term":[{"taxonomy":"category","embeddable":true,"href":"https:\/\/www.hoymercedes.com.ar\/principal\/wp-json\/wp\/v2\/categories?post=111363"},{"taxonomy":"post_tag","embeddable":true,"href":"https:\/\/www.hoymercedes.com.ar\/principal\/wp-json\/wp\/v2\/tags?post=111363"}],"curies":[{"name":"wp","href":"https:\/\/api.w.org\/{rel}","templated":true}]}}