{"id":111366,"date":"2020-05-29T12:04:01","date_gmt":"2020-05-29T15:04:01","guid":{"rendered":"http:\/\/www.hoymercedes.com.ar\/principal\/?p=111366"},"modified":"2020-05-29T13:04:54","modified_gmt":"2020-05-29T16:04:54","slug":"coronavirus-la-clinica-confirma-pcr-negativos-y-un-caso-en-estudio","status":"publish","type":"post","link":"https:\/\/www.hoymercedes.com.ar\/principal\/2020\/05\/29\/coronavirus-la-clinica-confirma-pcr-negativos-y-un-caso-en-estudio\/","title":{"rendered":"Coronavirus: la Cl\u00ednica confirma PCR Negativos  y un caso en estudio"},"content":{"rendered":"\n<p>Desde la Cl\u00ednica Nueva Cruz Azul env\u00edan informaci\u00f3n detallado sobre los pacientes recibidos por el centro de salud con s\u00edntomas compatibles con COVID-19. En su comunicaci\u00f3n confirma que los tres pacientes que se encontraban esperando sus resultados fueron negativos para la enfermedad que preocupa al mundo. Mientras que un nuevo paciente ingres\u00f3 el jueves, cuyo hisopado debi\u00f3 enviarse al Hospital Rossi en La Plata. <\/p>\n\n\n\n<p>Este nuevo paciente es denominado \u00abcaso 22\u00bb, es un hombre de 85 a\u00f1os, que ingres\u00f3 con fiebre y dificultad respiratoria con antecedente de enfermedad pulmonar previa. \u00abPor considerarse caso sospechoso para Sars-cov2 se decide internaci\u00f3n en la zona de aislamiento cumpliendo con las normas establecidas por el Ministerio de Salud, para la seguridad del paciente y del personal a cargo. Actualmente se encuentra con requerimiento de oxigeno. Regular estado general. Se solicita hisopado para PCR. Se enviara muestra el d\u00eda 29\/04\/2020 a Hospital Rossi\u00bb, explican en su informe.<\/p>\n\n\n\n<p>En tanto, en su detalle explican que el \u00abcaso 19\u00bb, una mujer de 84 a\u00f1os con diagn\u00f3stico de neumon\u00eda grave de la comunidad, cuyo resultado para PCR por COVID-19, fue negativo. Los mismos resultados recibieron el \u00abcaso 20\u00bb, un hombre de 83 a\u00f1os, y el \u00abcaso 21\u00bb, un joven de 19 a\u00f1os que ingres\u00f3 con fiebre y odinograf\u00eda y sus resultados se recibieron ayer jueves. <\/p>\n\n\n\n<p>Fuente: Cl\u00ednica Nueva Cruz Azul<\/p>\n","protected":false},"excerpt":{"rendered":"<p>Desde la Cl\u00ednica Nueva Cruz Azul env\u00edan informaci\u00f3n detallado sobre los pacientes recibidos por el centro de salud con s\u00edntomas &#8230; <a title=\"Coronavirus: la Cl\u00ednica confirma PCR Negativos  y un caso en estudio\" class=\"read-more\" href=\"https:\/\/www.hoymercedes.com.ar\/principal\/2020\/05\/29\/coronavirus-la-clinica-confirma-pcr-negativos-y-un-caso-en-estudio\/\" aria-label=\"Leer m\u00e1s sobre Coronavirus: la Cl\u00ednica confirma PCR Negativos  y un caso en estudio\">Leer m\u00e1s<\/a><\/p>\n","protected":false},"author":1,"featured_media":110379,"comment_status":"closed","ping_status":"open","sticky":false,"template":"","format":"standard","meta":{"_monsterinsights_skip_tracking":false,"_monsterinsights_sitenote_active":false,"_monsterinsights_sitenote_note":"","_monsterinsights_sitenote_category":0,"jetpack_post_was_ever_published":false,"_jetpack_newsletter_access":"","_jetpack_dont_email_post_to_subs":false,"_jetpack_newsletter_tier_id":0,"_jetpack_memberships_contains_paywalled_content":false,"_jetpack_memberships_contains_paid_content":false,"footnotes":"","jetpack_publicize_message":"","jetpack_publicize_feature_enabled":true,"jetpack_social_post_already_shared":true,"jetpack_social_options":{"image_generator_settings":{"template":"highway","default_image_id":0,"font":"","enabled":false},"version":2},"_wpas_customize_per_network":false},"categories":[9791],"tags":[16517,16448,16175,16313,16663],"class_list":["post-111366","post","type-post","status-publish","format-standard","has-post-thumbnail","hentry","category-salud","tag-casos-en-estudio","tag-clinica-nueva-cruz-azul","tag-coronavirus","tag-covid-19","tag-pcr-negativos","generate-columns","tablet-grid-50","mobile-grid-100","grid-parent","grid-50"],"jetpack_publicize_connections":[],"jetpack_featured_media_url":"https:\/\/www.hoymercedes.com.ar\/principal\/wp-content\/uploads\/2020\/05\/07-clinica-nueva-cruz-azul-2.jpg","wps_subtitle":"Informaci\u00f3n oficial","jetpack_sharing_enabled":true,"_links":{"self":[{"href":"https:\/\/www.hoymercedes.com.ar\/principal\/wp-json\/wp\/v2\/posts\/111366","targetHints":{"allow":["GET"]}}],"collection":[{"href":"https:\/\/www.hoymercedes.com.ar\/principal\/wp-json\/wp\/v2\/posts"}],"about":[{"href":"https:\/\/www.hoymercedes.com.ar\/principal\/wp-json\/wp\/v2\/types\/post"}],"author":[{"embeddable":true,"href":"https:\/\/www.hoymercedes.com.ar\/principal\/wp-json\/wp\/v2\/users\/1"}],"replies":[{"embeddable":true,"href":"https:\/\/www.hoymercedes.com.ar\/principal\/wp-json\/wp\/v2\/comments?post=111366"}],"version-history":[{"count":0,"href":"https:\/\/www.hoymercedes.com.ar\/principal\/wp-json\/wp\/v2\/posts\/111366\/revisions"}],"wp:featuredmedia":[{"embeddable":true,"href":"https:\/\/www.hoymercedes.com.ar\/principal\/wp-json\/wp\/v2\/media\/110379"}],"wp:attachment":[{"href":"https:\/\/www.hoymercedes.com.ar\/principal\/wp-json\/wp\/v2\/media?parent=111366"}],"wp:term":[{"taxonomy":"category","embeddable":true,"href":"https:\/\/www.hoymercedes.com.ar\/principal\/wp-json\/wp\/v2\/categories?post=111366"},{"taxonomy":"post_tag","embeddable":true,"href":"https:\/\/www.hoymercedes.com.ar\/principal\/wp-json\/wp\/v2\/tags?post=111366"}],"curies":[{"name":"wp","href":"https:\/\/api.w.org\/{rel}","templated":true}]}}