{"id":111374,"date":"2020-05-29T16:20:00","date_gmt":"2020-05-29T19:20:00","guid":{"rendered":"http:\/\/www.hoymercedes.com.ar\/principal\/?p=111374"},"modified":"2020-05-29T16:31:39","modified_gmt":"2020-05-29T19:31:39","slug":"un-detenido-por-robo-agravado-en-un-country","status":"publish","type":"post","link":"https:\/\/www.hoymercedes.com.ar\/principal\/2020\/05\/29\/un-detenido-por-robo-agravado-en-un-country\/","title":{"rendered":"Un detenido por robo agravado en un country"},"content":{"rendered":"\n<p>Tras un hecho de robo agravado, desde la Unidad Funcional de Instrucci\u00f3n N\u00ba 9 \u2013 a cargo de la Dra. Mariana Su\u00e1rez \u2013 se solicit\u00f3 al Juzgado de Garant\u00edas N\u00b0 3 una orden de allanamiento y detenci\u00f3n para al menos uno de los autores del hecho perpetrado en el mes de marzo.<\/p>\n\n\n\n<p>Vale destacar que el hecho se cometi\u00f3 en horas de la madrugada, en una vivienda de un country de la localidad. Al menos dos sujetos con sus rostros cubiertos ingresaron por una ventana trasera mientras los moradores se encontraban durmiendo. Utilizaron armas de fuego que dispararon en varias oportunidades, no resultando v\u00edctimas por causa de los proyectiles. Sustrajeron una billetera con documentaci\u00f3n, dinero en efectivo y varios objetos de valor para luego darse a la fuga tras que se activara la alarma de seguridad del lugar.<\/p>\n\n\n\n<p>Tras la denuncia y las tareas investigativas correspondientes a cargo de la UFI, con colaboraci\u00f3n del Cuerpo de Instructores de Fiscal\u00eda General Mercedes con asiento en Luj\u00e1n, se solicit\u00f3 ante el Juzgado de Garant\u00edas N\u00b0 3 una orden de allanamiento y detenci\u00f3n para con uno de los autores del hecho que hab\u00eda sido identificado tras recabar diferentes elementos de inter\u00e9s para la investigaci\u00f3n.<\/p>\n\n\n\n<p>La misma se concedi\u00f3 y se ejecut\u00f3 en la jornada de este viernes en dos viviendas en la localidad de Del Viso del partido de Pilar (B) a cargo de la DDI Luj\u00e1n. En uno de los objetivos se logr\u00f3 detener al imputado (de 28 a\u00f1os) y qued\u00f3 a disposici\u00f3n de la Justicia.<\/p>\n\n\n\n<p>De los allanamientos se recuperaron algunos elementos tales como una radio, binoculares, camperas, guantes y un arma de fuego con un poderoso silenciador<\/p>\n\n\n\n<p>Por el delito de \u201cRobo agravado por el uso de arma de fuego apta para el disparo y por su comisi\u00f3n en lugar poblado y en banda\u201d comparecer\u00e1 ante la fiscal a cargo en el marco de la audiencia de declaraci\u00f3n en los t\u00e9rminos del art. 308 del C\u00f3digo Procesal Penal en la jornada del s\u00e1bado 30 de mayo del corriente.<\/p>\n\n\n\n<p>Vale destacar que el detenido posee antecedentes penales por delitos contra la propiedad.<\/p>\n\n\n\n<p>Fuente: Ministerio P\u00fablico  Fiscal &#8211; Depto Judicial Mercedes<\/p>\n","protected":false},"excerpt":{"rendered":"<p>Tras un hecho de robo agravado, desde la Unidad Funcional de Instrucci\u00f3n N\u00ba 9 \u2013 a cargo de la Dra. &#8230; <a title=\"Un detenido por robo agravado en un country\" class=\"read-more\" href=\"https:\/\/www.hoymercedes.com.ar\/principal\/2020\/05\/29\/un-detenido-por-robo-agravado-en-un-country\/\" aria-label=\"Leer m\u00e1s sobre Un detenido por robo agravado en un country\">Leer m\u00e1s<\/a><\/p>\n","protected":false},"author":1,"featured_media":111375,"comment_status":"closed","ping_status":"open","sticky":false,"template":"","format":"standard","meta":{"_monsterinsights_skip_tracking":false,"_monsterinsights_sitenote_active":false,"_monsterinsights_sitenote_note":"","_monsterinsights_sitenote_category":0,"jetpack_post_was_ever_published":false,"_jetpack_newsletter_access":"","_jetpack_dont_email_post_to_subs":false,"_jetpack_newsletter_tier_id":0,"_jetpack_memberships_contains_paywalled_content":false,"_jetpack_memberships_contains_paid_content":false,"footnotes":"","jetpack_publicize_message":"","jetpack_publicize_feature_enabled":true,"jetpack_social_post_already_shared":true,"jetpack_social_options":{"image_generator_settings":{"template":"highway","default_image_id":0,"font":"","enabled":false},"version":2},"_wpas_customize_per_network":false},"categories":[85],"tags":[10352,86,96,9322],"class_list":["post-111374","post","type-post","status-publish","format-standard","has-post-thumbnail","hentry","category-policial","tag-detencion","tag-lujan","tag-policial-2","tag-region","generate-columns","tablet-grid-50","mobile-grid-100","grid-parent","grid-50"],"jetpack_publicize_connections":[],"jetpack_featured_media_url":"https:\/\/www.hoymercedes.com.ar\/principal\/wp-content\/uploads\/2020\/05\/29-parte-policia-lujan.jpeg","wps_subtitle":"Policial de la regi\u00f3n","jetpack_sharing_enabled":true,"_links":{"self":[{"href":"https:\/\/www.hoymercedes.com.ar\/principal\/wp-json\/wp\/v2\/posts\/111374","targetHints":{"allow":["GET"]}}],"collection":[{"href":"https:\/\/www.hoymercedes.com.ar\/principal\/wp-json\/wp\/v2\/posts"}],"about":[{"href":"https:\/\/www.hoymercedes.com.ar\/principal\/wp-json\/wp\/v2\/types\/post"}],"author":[{"embeddable":true,"href":"https:\/\/www.hoymercedes.com.ar\/principal\/wp-json\/wp\/v2\/users\/1"}],"replies":[{"embeddable":true,"href":"https:\/\/www.hoymercedes.com.ar\/principal\/wp-json\/wp\/v2\/comments?post=111374"}],"version-history":[{"count":0,"href":"https:\/\/www.hoymercedes.com.ar\/principal\/wp-json\/wp\/v2\/posts\/111374\/revisions"}],"wp:featuredmedia":[{"embeddable":true,"href":"https:\/\/www.hoymercedes.com.ar\/principal\/wp-json\/wp\/v2\/media\/111375"}],"wp:attachment":[{"href":"https:\/\/www.hoymercedes.com.ar\/principal\/wp-json\/wp\/v2\/media?parent=111374"}],"wp:term":[{"taxonomy":"category","embeddable":true,"href":"https:\/\/www.hoymercedes.com.ar\/principal\/wp-json\/wp\/v2\/categories?post=111374"},{"taxonomy":"post_tag","embeddable":true,"href":"https:\/\/www.hoymercedes.com.ar\/principal\/wp-json\/wp\/v2\/tags?post=111374"}],"curies":[{"name":"wp","href":"https:\/\/api.w.org\/{rel}","templated":true}]}}