{"id":111382,"date":"2020-05-29T17:55:00","date_gmt":"2020-05-29T20:55:00","guid":{"rendered":"http:\/\/www.hoymercedes.com.ar\/principal\/?p=111382"},"modified":"2020-05-29T17:03:05","modified_gmt":"2020-05-29T20:03:05","slug":"finalizo-la-entrega-de-semillas-del-programa-pro-huerta","status":"publish","type":"post","link":"https:\/\/www.hoymercedes.com.ar\/principal\/2020\/05\/29\/finalizo-la-entrega-de-semillas-del-programa-pro-huerta\/","title":{"rendered":"Finaliz\u00f3 la entrega de semillas del programa Pro Huerta"},"content":{"rendered":"\n<p>Este jueves se termin\u00f3 con la entrega de cuatrocientos cincuenta kits de semillas del programa Pro Huerta correspondientes a la temporada oto\u00f1o-invierno. El Centro de Referencia colabor\u00f3 con el INTA Mercedes en la distribuci\u00f3n realizada en distintos barrios de la ciudad.<\/p>\n\n\n\n<p>El ingeniero agr\u00f3nomo Ignacio Zunino, responsable del INTA Mercedes manifest\u00f3 que \u201cen esta oportunidad tomamos inscripciones y se dieron turnos a fin de respetar las medidas que establece el aislamiento social, preventivo y obligatorio. Por eso articulamos con el CDR y otras instituciones locales para cumplir con la entrega de los cuatrocientos cincuenta kits\u201d.<\/p>\n\n\n\n<p>Asimismo destac\u00f3 que la demanda fue superior a la habitual por eso \u201cse fraccionaron en siete especies para brindar una proporci\u00f3n justa a cada familia que desea hacer su huerta\u201d. Los kits incluyeron zanahoria, achicoria, habas, lechuga gallega, rabanito, espinaca y puerro. Tambi\u00e9n aclar\u00f3 que a partir del mes de septiembre est\u00e1 prevista la entrega de semillas de la temporada primavera-verano y que cerca de esa fecha se informar\u00e1 sobre la modalidad de distribuci\u00f3n.<\/p>\n\n\n\n<p>Natalia Schiavi del CDR cont\u00f3 que \u201cse trabaj\u00f3 con el \u00e1rea de Desarrollo Social de la municipalidad en la recepci\u00f3n de los pedidos y en la coordinaci\u00f3n de los turnos. Se utilizaron espacios de primera infancia, sociedades de fomento y sum de los barrios: Mutti,  Blandengues, Unzu\u00e9, Jos\u00e9 Hern\u00e1ndez, Almafuerte, Autoconstrucci\u00f3n, Obrero y tambi\u00e9n la sede del CDR para concretar la entrega\u201d.<\/p>\n\n\n\n<p>El programa Pro Huerta es una pol\u00edtica p\u00fablica implementada por el Ministerio de Desarrollo Social de la Naci\u00f3n y el Instituto Nacional de Tecnolog\u00eda Agropecuaria (INTA). Busca generar pr\u00e1cticas productivas agroecol\u00f3gicas para el autoabastecimiento familiar a trav\u00e9s del impulso  de una alimentaci\u00f3n nutritiva y saludable. Entrega semillas, frutales, animales de granja y herramientas para que cada persona pueda armar su propia huerta y cultivar verduras y frutas<br>sin productos qu\u00edmicos.<\/p>\n","protected":false},"excerpt":{"rendered":"<p>Este jueves se termin\u00f3 con la entrega de cuatrocientos cincuenta kits de semillas del programa Pro Huerta correspondientes a la &#8230; <a title=\"Finaliz\u00f3 la entrega de semillas del programa Pro Huerta\" class=\"read-more\" href=\"https:\/\/www.hoymercedes.com.ar\/principal\/2020\/05\/29\/finalizo-la-entrega-de-semillas-del-programa-pro-huerta\/\" aria-label=\"Leer m\u00e1s sobre Finaliz\u00f3 la entrega de semillas del programa Pro Huerta\">Leer m\u00e1s<\/a><\/p>\n","protected":false},"author":1,"featured_media":111383,"comment_status":"closed","ping_status":"open","sticky":false,"template":"","format":"standard","meta":{"_monsterinsights_skip_tracking":false,"_monsterinsights_sitenote_active":false,"_monsterinsights_sitenote_note":"","_monsterinsights_sitenote_category":0,"jetpack_post_was_ever_published":false,"_jetpack_newsletter_access":"","_jetpack_dont_email_post_to_subs":false,"_jetpack_newsletter_tier_id":0,"_jetpack_memberships_contains_paywalled_content":false,"_jetpack_memberships_contains_paid_content":false,"footnotes":"","jetpack_publicize_message":"","jetpack_publicize_feature_enabled":true,"jetpack_social_post_already_shared":true,"jetpack_social_options":{"image_generator_settings":{"template":"highway","default_image_id":0,"font":"","enabled":false},"version":2},"_wpas_customize_per_network":false},"categories":[8],"tags":[8753,1370,7491,13800],"class_list":["post-111382","post","type-post","status-publish","format-standard","has-post-thumbnail","hentry","category-sociedad","tag-cdr","tag-inta","tag-pro-huerta","tag-semillas","generate-columns","tablet-grid-50","mobile-grid-100","grid-parent","grid-50"],"jetpack_publicize_connections":[],"jetpack_featured_media_url":"https:\/\/www.hoymercedes.com.ar\/principal\/wp-content\/uploads\/2020\/05\/29-prohuerta.jpg","wps_subtitle":"Huertas domiciliarias","jetpack_sharing_enabled":true,"_links":{"self":[{"href":"https:\/\/www.hoymercedes.com.ar\/principal\/wp-json\/wp\/v2\/posts\/111382","targetHints":{"allow":["GET"]}}],"collection":[{"href":"https:\/\/www.hoymercedes.com.ar\/principal\/wp-json\/wp\/v2\/posts"}],"about":[{"href":"https:\/\/www.hoymercedes.com.ar\/principal\/wp-json\/wp\/v2\/types\/post"}],"author":[{"embeddable":true,"href":"https:\/\/www.hoymercedes.com.ar\/principal\/wp-json\/wp\/v2\/users\/1"}],"replies":[{"embeddable":true,"href":"https:\/\/www.hoymercedes.com.ar\/principal\/wp-json\/wp\/v2\/comments?post=111382"}],"version-history":[{"count":0,"href":"https:\/\/www.hoymercedes.com.ar\/principal\/wp-json\/wp\/v2\/posts\/111382\/revisions"}],"wp:featuredmedia":[{"embeddable":true,"href":"https:\/\/www.hoymercedes.com.ar\/principal\/wp-json\/wp\/v2\/media\/111383"}],"wp:attachment":[{"href":"https:\/\/www.hoymercedes.com.ar\/principal\/wp-json\/wp\/v2\/media?parent=111382"}],"wp:term":[{"taxonomy":"category","embeddable":true,"href":"https:\/\/www.hoymercedes.com.ar\/principal\/wp-json\/wp\/v2\/categories?post=111382"},{"taxonomy":"post_tag","embeddable":true,"href":"https:\/\/www.hoymercedes.com.ar\/principal\/wp-json\/wp\/v2\/tags?post=111382"}],"curies":[{"name":"wp","href":"https:\/\/api.w.org\/{rel}","templated":true}]}}