{"id":111388,"date":"2020-05-29T23:33:00","date_gmt":"2020-05-30T02:33:00","guid":{"rendered":"http:\/\/www.hoymercedes.com.ar\/principal\/?p=111388"},"modified":"2020-05-30T14:13:33","modified_gmt":"2020-05-30T17:13:33","slug":"coronavirus-navarro-y-capitan-sarmiento-confirman-sus-primeros-casos-positivos","status":"publish","type":"post","link":"https:\/\/www.hoymercedes.com.ar\/principal\/2020\/05\/29\/coronavirus-navarro-y-capitan-sarmiento-confirman-sus-primeros-casos-positivos\/","title":{"rendered":"Coronavirus: Navarro y Capit\u00e1n Sarmiento confirman sus primeros casos positivos"},"content":{"rendered":"\n<p>Durante la jornada de este viernes dos localidades de la regi\u00f3n confirmaron sus primeros casos positivos de COVID-19. Por un lado, en Navarro, promediando la tarde, su Intendente Santiago Maggiotti, confirm\u00f3 el primer caso en la localidad, un hombre de 35 a\u00f1os que era asintom\u00e1tico. <\/p>\n\n\n\n<p>En tanto, en Capit\u00e1n Sarmiento el Municipio inform\u00f3 que dos de las muestras que se hab\u00edan mandado a analizar, \u00a0dieron resultado positivo para Covid-19. De acuerdo al protocolo se realiz\u00f3 el aislamiento de todos los contactos estrechos. Ambas personas se encuentran en buen estado de salud, una bajo observaci\u00f3n en el hospital municipal y otro en su domicilio. Uno de los casos corresponde a un empleado de Granja Tres Arroyos. Por tal motivo, los nueve trabajadores de Arrecifes, que compartieron turnos laborales en dicha empresa con el infectado, continuar\u00e1n junto a sus familias en aislamiento obligatorio por contacto estrecho con dicha persona. <\/p>\n\n\n\n<p>Ante los nuevos casos positivos en la regi\u00f3n, las localidades vecinas est\u00e1n reforzando los controles para el cumplimiento del aislamiento obligatorio. En Carmen de Areco hay un nuevo caso en estudio, mientras que en San Andr\u00e9s de Giles hay otros tres estudio. En San Antonio de Areco son 20 los casos positivos en la actualidad mientras que hay 6 pacientes que esperan los resultados de sus hisopados. En tanto, Luj\u00e1n mantiene los 37 casos positivos y hay 20 en estudio. Suipacha por su parte, sigue sin casos positivos y s\u00f3lo una personas espera los resultados de sus estudios. <\/p>\n\n\n\n<p>En Marcos Paz un nuevo caso eleva a 15 los pacientes con Covid-19, mientras que se estudian 6 casos sospechosos tras haber descartado cinco m\u00e1s. Por el momento son cuatro los pacientes recuperados y no hay v\u00edctimas fatales. En General Rodr\u00edguez son 24 los casos confirmados, este viernes confirmaron los \u00faltimos siete. <\/p>\n\n\n\n<p><\/p>\n","protected":false},"excerpt":{"rendered":"<p>Durante la jornada de este viernes dos localidades de la regi\u00f3n confirmaron sus primeros casos positivos de COVID-19. Por un &#8230; <a title=\"Coronavirus: Navarro y Capit\u00e1n Sarmiento confirman sus primeros casos positivos\" class=\"read-more\" href=\"https:\/\/www.hoymercedes.com.ar\/principal\/2020\/05\/29\/coronavirus-navarro-y-capitan-sarmiento-confirman-sus-primeros-casos-positivos\/\" aria-label=\"Leer m\u00e1s sobre Coronavirus: Navarro y Capit\u00e1n Sarmiento confirman sus primeros casos positivos\">Leer m\u00e1s<\/a><\/p>\n","protected":false},"author":1,"featured_media":109454,"comment_status":"closed","ping_status":"open","sticky":false,"template":"","format":"standard","meta":{"_monsterinsights_skip_tracking":false,"_monsterinsights_sitenote_active":false,"_monsterinsights_sitenote_note":"","_monsterinsights_sitenote_category":0,"jetpack_post_was_ever_published":false,"_jetpack_newsletter_access":"","_jetpack_dont_email_post_to_subs":false,"_jetpack_newsletter_tier_id":0,"_jetpack_memberships_contains_paywalled_content":false,"_jetpack_memberships_contains_paid_content":false,"footnotes":"","jetpack_publicize_message":"","jetpack_publicize_feature_enabled":true,"jetpack_social_post_already_shared":true,"jetpack_social_options":{"image_generator_settings":{"template":"highway","default_image_id":0,"font":"","enabled":false},"version":2},"_wpas_customize_per_network":false},"categories":[5501],"tags":[16428,16175,16313,9322],"class_list":["post-111388","post","type-post","status-publish","format-standard","has-post-thumbnail","hentry","category-region","tag-casos-positivos","tag-coronavirus","tag-covid-19","tag-region","generate-columns","tablet-grid-50","mobile-grid-100","grid-parent","grid-50"],"jetpack_publicize_connections":[],"jetpack_featured_media_url":"https:\/\/www.hoymercedes.com.ar\/principal\/wp-content\/uploads\/2020\/04\/15-coronavirus.jpg","wps_subtitle":"Covid-19 en la regi\u00f3n","jetpack_sharing_enabled":true,"_links":{"self":[{"href":"https:\/\/www.hoymercedes.com.ar\/principal\/wp-json\/wp\/v2\/posts\/111388","targetHints":{"allow":["GET"]}}],"collection":[{"href":"https:\/\/www.hoymercedes.com.ar\/principal\/wp-json\/wp\/v2\/posts"}],"about":[{"href":"https:\/\/www.hoymercedes.com.ar\/principal\/wp-json\/wp\/v2\/types\/post"}],"author":[{"embeddable":true,"href":"https:\/\/www.hoymercedes.com.ar\/principal\/wp-json\/wp\/v2\/users\/1"}],"replies":[{"embeddable":true,"href":"https:\/\/www.hoymercedes.com.ar\/principal\/wp-json\/wp\/v2\/comments?post=111388"}],"version-history":[{"count":0,"href":"https:\/\/www.hoymercedes.com.ar\/principal\/wp-json\/wp\/v2\/posts\/111388\/revisions"}],"wp:featuredmedia":[{"embeddable":true,"href":"https:\/\/www.hoymercedes.com.ar\/principal\/wp-json\/wp\/v2\/media\/109454"}],"wp:attachment":[{"href":"https:\/\/www.hoymercedes.com.ar\/principal\/wp-json\/wp\/v2\/media?parent=111388"}],"wp:term":[{"taxonomy":"category","embeddable":true,"href":"https:\/\/www.hoymercedes.com.ar\/principal\/wp-json\/wp\/v2\/categories?post=111388"},{"taxonomy":"post_tag","embeddable":true,"href":"https:\/\/www.hoymercedes.com.ar\/principal\/wp-json\/wp\/v2\/tags?post=111388"}],"curies":[{"name":"wp","href":"https:\/\/api.w.org\/{rel}","templated":true}]}}