{"id":111392,"date":"2020-05-29T21:48:00","date_gmt":"2020-05-30T00:48:00","guid":{"rendered":"http:\/\/www.hoymercedes.com.ar\/principal\/?p=111392"},"modified":"2020-05-30T14:14:02","modified_gmt":"2020-05-30T17:14:02","slug":"coronavirus-mercedes-con-tres-casos-en-estudio","status":"publish","type":"post","link":"https:\/\/www.hoymercedes.com.ar\/principal\/2020\/05\/29\/coronavirus-mercedes-con-tres-casos-en-estudio\/","title":{"rendered":"Coronavirus: Mercedes con tres casos en estudio"},"content":{"rendered":"\n<p>El informe local oficial expresa que contin\u00faan apareciendo casos en estudio en los centros de salud de la ciudad. Este viernes son tres los pacientes que est\u00e1n esperando los resultados de los an\u00e1lisis de sus hisopados, estudios que les realizaron por tener s\u00edntomas compatibles con covid-19. Uno de ellos est\u00e1 en la <a rel=\"noreferrer noopener\" href=\"https:\/\/www.hoymercedes.com.ar\/principal\/2020\/05\/29\/coronavirus-la-clinica-confirma-pcr-negativos-y-un-caso-en-estudio\/\" target=\"_blank\">Cl\u00ednica Nueva Cruz Azul<\/a> y los otros dos en el Hospital Blas L. Dubarry. <\/p>\n\n\n\n<p>Asimismo, confirmaron que son 34 las personas que est\u00e1n en aislamiento total con seguimiento de la Secretar\u00eda de Salud Municipal. Cabe recordar que entre estas personas se encuentran los contactos estrechos de la mujer de 38 a\u00f1os que el mi\u00e9rcoles pasado recibi\u00f3 sus an\u00e1lisis positivos. <\/p>\n\n\n\n<p>Desde el Municipio recuerdan que est\u00e1 la nueva plataforma de asistencia m\u00e9dica a personas con s\u00edntomas o en estudio: salud.mercedes.gob.ar puede ser desde la web o bajando la aplicaci\u00f3n municipal. Adem\u00e1s, destacan que para circular por la ciudad y hacer mandados no necesit\u00e1s sacar certificado \u00fanico nacional, pero s\u00ed quienes realicen actividades que se encuentran exceptuadas bajo protocolos sanitarios.<\/p>\n\n\n\n<p>En el informe nacional hoy fueron confirmados 717 nuevos casos de COVID-19. De los cuales, 273 son de la provincia de Buenos Aires, 398 de la ciudad de Buenos Aires, 26 son de Chaco, seis de Corrientes, dos de Neuqu\u00e9n, y doce de R\u00edo Negro. Con estos registros, suman 15.419 positivos en el pa\u00eds.<\/p>\n\n\n\n<p>Finalmente, confirmaron que en las \u00faltimas 24 horas fallecieron 12 personas. Por la ma\u00f1ana, anunciaron las muertes de dos hombres, uno de 62 a\u00f1os, residente en la provincia de Buenos Aires; y otro de 43 a\u00f1os, residente en la Ciudad de Buenos Aires (CABA). En tanto, a la noche, confirmaron las otras diez muertes: cuatro hombres, tres de 46, 55 y 32 a\u00f1os, residentes en la Ciudad de Buenos Aires (CABA); uno de 80 a\u00f1os, residente en la provincia de Buenos Aires; y seis mujeres, tres de 102, 93 y 69 a\u00f1os, residentes en la provincia de Buenos Aires; dos de 78 y 95 a\u00f1os, residentes en la Ciudad de Buenos Aires (CABA); y una de 57 a\u00f1os, residente en la provincia de Chaco. Al momento la cantidad de personas fallecidas es 520.<\/p>\n","protected":false},"excerpt":{"rendered":"<p>El informe local oficial expresa que contin\u00faan apareciendo casos en estudio en los centros de salud de la ciudad. Este &#8230; <a title=\"Coronavirus: Mercedes con tres casos en estudio\" class=\"read-more\" href=\"https:\/\/www.hoymercedes.com.ar\/principal\/2020\/05\/29\/coronavirus-mercedes-con-tres-casos-en-estudio\/\" aria-label=\"Leer m\u00e1s sobre Coronavirus: Mercedes con tres casos en estudio\">Leer m\u00e1s<\/a><\/p>\n","protected":false},"author":1,"featured_media":111393,"comment_status":"closed","ping_status":"open","sticky":false,"template":"","format":"standard","meta":{"_monsterinsights_skip_tracking":false,"_monsterinsights_sitenote_active":false,"_monsterinsights_sitenote_note":"","_monsterinsights_sitenote_category":0,"jetpack_post_was_ever_published":false,"_jetpack_newsletter_access":"","_jetpack_dont_email_post_to_subs":false,"_jetpack_newsletter_tier_id":0,"_jetpack_memberships_contains_paywalled_content":false,"_jetpack_memberships_contains_paid_content":false,"footnotes":"","jetpack_publicize_message":"","jetpack_publicize_feature_enabled":true,"jetpack_social_post_already_shared":true,"jetpack_social_options":{"image_generator_settings":{"template":"highway","default_image_id":0,"font":"","enabled":false},"version":2},"_wpas_customize_per_network":false},"categories":[9791],"tags":[16517,16448,16175,16313,16669],"class_list":["post-111392","post","type-post","status-publish","format-standard","has-post-thumbnail","hentry","category-salud","tag-casos-en-estudio","tag-clinica-nueva-cruz-azul","tag-coronavirus","tag-covid-19","tag-hospital-blas-l-dubarru","generate-columns","tablet-grid-50","mobile-grid-100","grid-parent","grid-50"],"jetpack_publicize_connections":[],"jetpack_featured_media_url":"https:\/\/www.hoymercedes.com.ar\/principal\/wp-content\/uploads\/2020\/05\/WhatsApp-Image-2020-05-29-at-20.57.06.jpeg","wps_subtitle":"Cierre del d\u00eda","jetpack_sharing_enabled":true,"_links":{"self":[{"href":"https:\/\/www.hoymercedes.com.ar\/principal\/wp-json\/wp\/v2\/posts\/111392","targetHints":{"allow":["GET"]}}],"collection":[{"href":"https:\/\/www.hoymercedes.com.ar\/principal\/wp-json\/wp\/v2\/posts"}],"about":[{"href":"https:\/\/www.hoymercedes.com.ar\/principal\/wp-json\/wp\/v2\/types\/post"}],"author":[{"embeddable":true,"href":"https:\/\/www.hoymercedes.com.ar\/principal\/wp-json\/wp\/v2\/users\/1"}],"replies":[{"embeddable":true,"href":"https:\/\/www.hoymercedes.com.ar\/principal\/wp-json\/wp\/v2\/comments?post=111392"}],"version-history":[{"count":0,"href":"https:\/\/www.hoymercedes.com.ar\/principal\/wp-json\/wp\/v2\/posts\/111392\/revisions"}],"wp:featuredmedia":[{"embeddable":true,"href":"https:\/\/www.hoymercedes.com.ar\/principal\/wp-json\/wp\/v2\/media\/111393"}],"wp:attachment":[{"href":"https:\/\/www.hoymercedes.com.ar\/principal\/wp-json\/wp\/v2\/media?parent=111392"}],"wp:term":[{"taxonomy":"category","embeddable":true,"href":"https:\/\/www.hoymercedes.com.ar\/principal\/wp-json\/wp\/v2\/categories?post=111392"},{"taxonomy":"post_tag","embeddable":true,"href":"https:\/\/www.hoymercedes.com.ar\/principal\/wp-json\/wp\/v2\/tags?post=111392"}],"curies":[{"name":"wp","href":"https:\/\/api.w.org\/{rel}","templated":true}]}}