{"id":111400,"date":"2020-05-30T08:00:00","date_gmt":"2020-05-30T11:00:00","guid":{"rendered":"http:\/\/www.hoymercedes.com.ar\/principal\/?p=111400"},"modified":"2020-05-30T00:19:37","modified_gmt":"2020-05-30T03:19:37","slug":"municipio-inicio-nuevo-plan-de-bacheo","status":"publish","type":"post","link":"https:\/\/www.hoymercedes.com.ar\/principal\/2020\/05\/30\/municipio-inicio-nuevo-plan-de-bacheo\/","title":{"rendered":"Municipio inici\u00f3 nuevo plan de bacheo"},"content":{"rendered":"\n<figure class=\"wp-block-embed-youtube wp-block-embed is-type-video is-provider-youtube wp-embed-aspect-16-9 wp-has-aspect-ratio\"><div class=\"wp-block-embed__wrapper\">\n<span class=\"embed-youtube\" style=\"text-align:center; display: block;\"><iframe loading=\"lazy\" class=\"youtube-player\" width=\"1200\" height=\"675\" src=\"https:\/\/www.youtube.com\/embed\/IyKhaMzjFaE?version=3&#038;rel=1&#038;showsearch=0&#038;showinfo=1&#038;iv_load_policy=1&#038;fs=1&#038;hl=es-ES&#038;autohide=2&#038;wmode=transparent\" allowfullscreen=\"true\" style=\"border:0;\" sandbox=\"allow-scripts allow-same-origin allow-popups allow-presentation allow-popups-to-escape-sandbox\"><\/iframe><\/span>\n<\/div><\/figure>\n\n\n\n<p>El Municipio de Mercedes a pesar de la pandemia que nos afecta contin\u00faa trabajando sin pausa en el sostenimiento y mejoramiento de la ciudad. En esta oportunidad, se efect\u00faan labores de bacheo, iniciando el proceso en calle 15, 50 y 52, que tienen como particularidad que las mismas son llevadas adelante \u00edntegramente por las \u00e1reas de servicios y obras p\u00fablicas junto a cooperativas de trabajo municipales.<\/p>\n\n\n\n<p>All\u00ed estuvo presente el intendente Ustarroz qui\u00e9n felicit\u00f3 a los trabajadores y celebr\u00f3 \u201cpoder ver esta articulaci\u00f3n de las \u00e1reas de obra p\u00fablica, servicios p\u00fablicos y las cooperativas de trabajo, es decir, distintas \u00e1reas del Estado trabajando hermanadamente\u201d y apunt\u00f3 \u201chace muchos a\u00f1os teniamos la intenci\u00f3n, las ganas y el deseo de poder llevar adelante este trabajo de manera mancomunada entre los distintos trabajadores, algo que hoy es una realidad\u201d.<\/p>\n\n\n\n\n\n<p>\u201cEl objetivo es ir aprendiendo para poder avanzar con mano de obra municipal, todo lo referente a bacheo, toma de juntas, y por qu\u00e9 no, hacer nosotros mismos la pavimentaci\u00f3n de nuestras calles\u201d sostuvo el Dr. Ustarroz y subray\u00f3 \u201cse ve mucho compromiso, a pesar de la pandemia, nuestros trabajadores no frenan, donde todos tienen ganas de participar en la construcci\u00f3n de una sociedad y una ciudad mejor\u201d.<\/p>\n\n\n\n<p>En este sentido, el intendente Ustarroz, una vez m\u00e1s agradeci\u00f3 \u201ca todos, pero fundamentalmente a los trabajadores por el compromiso y profesionalismo con el cual est\u00e1n llevando adelante estas obras\u201d y se\u00f1al\u00f3 \u201cesta manera de trabajo, a nosotros como municipio, nos va a permitir incrementar la cantidad de obras, porque hay una cuesti\u00f3n que el COVID \u2013 19 pone de manifiesto, que es la crisis econ\u00f3mica, por lo cual, todo nos cuesta much\u00edsimo m\u00e1s y haciendo las cosas de esta forma, con honestidad, recursos y mano de obra propia, vamos a tener una mayor capacidad de respuesta para realizar m\u00e1s trabajos en toda la ciudad\u201d.<\/p>\n\n\n\n<p>Lu\u00eds Ponce, subsecretario de servicios p\u00fablicos expres\u00f3 \u201carrancamos con el bacheo el d\u00eda lunes y hoy ya estamos tirando hormig\u00f3n y eso nos causa mucha alegr\u00eda\u201d y agreg\u00f3 \u201ceste es un trabajo en conjunto entre el \u00e1rea de servicios y obras p\u00fablicas y las cooperativas municipales, que a pesar de la pandemia contin\u00faan trabajando, mejorando la ciudad para todos\u201d.<\/p>\n\n\n\n<p>Emanuel P\u00e9rez Carrera, secretario de obras p\u00fablicas dijo \u201cestamos muy orgullosos de haber conformado este equipo de trabajo donde la idea es ir abarcando las distintas demandas y pedidos mediante un plan de bacheo para toda la ciudad\u201d y destac\u00f3 \u201corgullosos de este desaf\u00edo que nos plante\u00f3 el intendente Ustarroz al cual le infringiremos muchas ganas\u201d.&nbsp;&nbsp;&nbsp;&nbsp;<\/p>\n\n\n\n<p>Por su parte, Carlos Romero, manifest\u00f3 \u201csiempre agradeciendo la oportunidad que nos da el intendente de estar con las cooperativas y tratando de responder efectivamente las demandas de trabajo que hoy nos toca afrontar\u201d.<\/p>\n\n\n\n<p>Las obras que se realizan en la calle 15 convocan a tener por parte de los vecinos el mayor de los cuidados al transitar. Primero se efect\u00faan de una mano y luego de la otra. Luego se avanzar\u00e1 en otros sectores de la ciudad.<\/p>\n\n\n\n<figure class=\"wp-block-image size-large\"><img loading=\"lazy\" decoding=\"async\" width=\"1280\" height=\"853\" data-attachment-id=\"111401\" data-permalink=\"https:\/\/www.hoymercedes.com.ar\/principal\/2020\/05\/30\/municipio-inicio-nuevo-plan-de-bacheo\/img-20200529-wa0270\/#main\" data-orig-file=\"https:\/\/www.hoymercedes.com.ar\/principal\/wp-content\/uploads\/2020\/05\/IMG-20200529-WA0270.jpg\" data-orig-size=\"1280,853\" data-comments-opened=\"0\" data-image-meta=\"{&quot;aperture&quot;:&quot;0&quot;,&quot;credit&quot;:&quot;&quot;,&quot;camera&quot;:&quot;&quot;,&quot;caption&quot;:&quot;&quot;,&quot;created_timestamp&quot;:&quot;0&quot;,&quot;copyright&quot;:&quot;&quot;,&quot;focal_length&quot;:&quot;0&quot;,&quot;iso&quot;:&quot;0&quot;,&quot;shutter_speed&quot;:&quot;0&quot;,&quot;title&quot;:&quot;&quot;,&quot;orientation&quot;:&quot;0&quot;}\" data-image-title=\"IMG-20200529-WA0270\" data-image-description=\"\" data-image-caption=\"\" data-large-file=\"https:\/\/www.hoymercedes.com.ar\/principal\/wp-content\/uploads\/2020\/05\/IMG-20200529-WA0270.jpg\" src=\"https:\/\/www.hoymercedes.com.ar\/principal\/wp-content\/uploads\/2020\/05\/IMG-20200529-WA0270.jpg\" alt=\"\" class=\"wp-image-111401\"\/><\/figure>\n","protected":false},"excerpt":{"rendered":"<p>El Municipio de Mercedes a pesar de la pandemia que nos afecta contin\u00faa trabajando sin pausa en el sostenimiento y &#8230; <a title=\"Municipio inici\u00f3 nuevo plan de bacheo\" class=\"read-more\" href=\"https:\/\/www.hoymercedes.com.ar\/principal\/2020\/05\/30\/municipio-inicio-nuevo-plan-de-bacheo\/\" aria-label=\"Leer m\u00e1s sobre Municipio inici\u00f3 nuevo plan de bacheo\">Leer m\u00e1s<\/a><\/p>\n","protected":false},"author":1,"featured_media":111399,"comment_status":"closed","ping_status":"open","sticky":false,"template":"","format":"standard","meta":{"_monsterinsights_skip_tracking":false,"_monsterinsights_sitenote_active":false,"_monsterinsights_sitenote_note":"","_monsterinsights_sitenote_category":0,"jetpack_post_was_ever_published":false,"_jetpack_newsletter_access":"","_jetpack_dont_email_post_to_subs":false,"_jetpack_newsletter_tier_id":0,"_jetpack_memberships_contains_paywalled_content":false,"_jetpack_memberships_contains_paid_content":false,"footnotes":"","jetpack_publicize_message":"","jetpack_publicize_feature_enabled":true,"jetpack_social_post_already_shared":true,"jetpack_social_options":{"image_generator_settings":{"template":"highway","default_image_id":0,"font":"","enabled":false},"version":2},"_wpas_customize_per_network":false},"categories":[30],"tags":[10279,424],"class_list":["post-111400","post","type-post","status-publish","format-standard","has-post-thumbnail","hentry","category-municipio","tag-bacheo","tag-ustarroz","generate-columns","tablet-grid-50","mobile-grid-100","grid-parent","grid-50"],"jetpack_publicize_connections":[],"jetpack_featured_media_url":"https:\/\/www.hoymercedes.com.ar\/principal\/wp-content\/uploads\/2020\/05\/BacheoDSC04470.jpg","wps_subtitle":"Obra p\u00fablica ","jetpack_sharing_enabled":true,"_links":{"self":[{"href":"https:\/\/www.hoymercedes.com.ar\/principal\/wp-json\/wp\/v2\/posts\/111400","targetHints":{"allow":["GET"]}}],"collection":[{"href":"https:\/\/www.hoymercedes.com.ar\/principal\/wp-json\/wp\/v2\/posts"}],"about":[{"href":"https:\/\/www.hoymercedes.com.ar\/principal\/wp-json\/wp\/v2\/types\/post"}],"author":[{"embeddable":true,"href":"https:\/\/www.hoymercedes.com.ar\/principal\/wp-json\/wp\/v2\/users\/1"}],"replies":[{"embeddable":true,"href":"https:\/\/www.hoymercedes.com.ar\/principal\/wp-json\/wp\/v2\/comments?post=111400"}],"version-history":[{"count":0,"href":"https:\/\/www.hoymercedes.com.ar\/principal\/wp-json\/wp\/v2\/posts\/111400\/revisions"}],"wp:featuredmedia":[{"embeddable":true,"href":"https:\/\/www.hoymercedes.com.ar\/principal\/wp-json\/wp\/v2\/media\/111399"}],"wp:attachment":[{"href":"https:\/\/www.hoymercedes.com.ar\/principal\/wp-json\/wp\/v2\/media?parent=111400"}],"wp:term":[{"taxonomy":"category","embeddable":true,"href":"https:\/\/www.hoymercedes.com.ar\/principal\/wp-json\/wp\/v2\/categories?post=111400"},{"taxonomy":"post_tag","embeddable":true,"href":"https:\/\/www.hoymercedes.com.ar\/principal\/wp-json\/wp\/v2\/tags?post=111400"}],"curies":[{"name":"wp","href":"https:\/\/api.w.org\/{rel}","templated":true}]}}