{"id":111414,"date":"2020-05-30T13:26:08","date_gmt":"2020-05-30T16:26:08","guid":{"rendered":"http:\/\/www.hoymercedes.com.ar\/principal\/?p=111414"},"modified":"2020-05-30T14:11:35","modified_gmt":"2020-05-30T17:11:35","slug":"el-agronegocio-no-tiene-cuarentena","status":"publish","type":"post","link":"https:\/\/www.hoymercedes.com.ar\/principal\/2020\/05\/30\/el-agronegocio-no-tiene-cuarentena\/","title":{"rendered":"El Agronegocio no tiene cuarentena"},"content":{"rendered":"\n<p>Por AMA &#8211; Mientras millones de argentinos y argentinas nos quedamos en nuestras casas para preservar nuestra salud ante la pandemia global de coronavirus, el agronegocio contin\u00faa su actividad aplicando los mismos productos que comprometen la capacidad de nuestro organismo para hacer frente al virus.<\/p>\n\n\n\n<p>Entre las actividades \u201cesenciales\u201d&nbsp;&nbsp;exceptuadas de la cuarentena est\u00e1 \u201cla producci\u00f3n agropecuaria\u201d; sin distinci\u00f3n, como si fuera lo mismo sostener la producci\u00f3n de alimentos para que no haya hambre que la producci\u00f3n de commodities de exportaci\u00f3n.&nbsp;<\/p>\n\n\n\n<p>Mercedes no es ajeno a este accionar y hemos detectado en Zona Complementaria 1 el paseo de \u00abMosquitos\u00bb Fumigadores de Agroquimicos\u00a0t\u00f3xicos. Tal es el caso del campo de\u00a0\u00a0prolongaci\u00f3n de calle 130 y ruta 41 donde luego de una cosecha de soja\u00a0\u00a0se realiz\u00f3 una quema que envolvi\u00f3 a las casas vecinas en un humo nauseabundo. Tambi\u00e9n\u00a0hubo presencia de \u00abMosquito\u00bb en ese campo, pero seg\u00fan declararon estaban de paso.\u00a0\u00a0<\/p>\n\n\n\n<p>Anteriormente se han denunciado fumigaciones ilegales en el mismo campo. Fueron realizadas en condiciones de clima adverso generando hasta \u00a0brotes al\u00e9rgicos de una vecina que cursaba s\u00e9ptimo mes de embarazo \u00a0que fue medicada en el Hospital Blas Dubarry teniendo consecuencias en la salud del beb\u00e9 ya nacido. De momento ya hay denuncia radicada en el Juzgado de Faltas. (Dr. Maresca)\u00a0<\/p>\n\n\n\n<p>Desde la AMA (Asamblea Mercedina por la Agroecolog\u00eda) exhortamos a que esto se revierta y que la Zona Complementaria vuelva a ser asiento de quintas de la Agricultura Familiar Agroecol\u00f3gica y&nbsp;Org\u00e1nica, y zona de exclusi\u00f3n de todo tipo&nbsp;de aplicaci\u00f3n indiscriminada&nbsp; de agroqu\u00edmicos t\u00f3xicos.&nbsp;<\/p>\n","protected":false},"excerpt":{"rendered":"<p>Por AMA &#8211; Mientras millones de argentinos y argentinas nos quedamos en nuestras casas para preservar nuestra salud ante la &#8230; <a title=\"El Agronegocio no tiene cuarentena\" class=\"read-more\" href=\"https:\/\/www.hoymercedes.com.ar\/principal\/2020\/05\/30\/el-agronegocio-no-tiene-cuarentena\/\" aria-label=\"Leer m\u00e1s sobre El Agronegocio no tiene cuarentena\">Leer m\u00e1s<\/a><\/p>\n","protected":false},"author":1,"featured_media":111415,"comment_status":"closed","ping_status":"open","sticky":false,"template":"","format":"standard","meta":{"_monsterinsights_skip_tracking":false,"_monsterinsights_sitenote_active":false,"_monsterinsights_sitenote_note":"","_monsterinsights_sitenote_category":0,"jetpack_post_was_ever_published":false,"_jetpack_newsletter_access":"","_jetpack_dont_email_post_to_subs":false,"_jetpack_newsletter_tier_id":0,"_jetpack_memberships_contains_paywalled_content":false,"_jetpack_memberships_contains_paid_content":false,"footnotes":"","jetpack_publicize_message":"","jetpack_publicize_feature_enabled":true,"jetpack_social_post_already_shared":true,"jetpack_social_options":{"image_generator_settings":{"template":"highway","default_image_id":0,"font":"","enabled":false},"version":2},"_wpas_customize_per_network":false},"categories":[1],"tags":[9680,13658,43,8748],"class_list":["post-111414","post","type-post","status-publish","format-standard","has-post-thumbnail","hentry","category-opinion","tag-agroquimicos","tag-ama","tag-medio-ambiente","tag-opinion","generate-columns","tablet-grid-50","mobile-grid-100","grid-parent","grid-50"],"jetpack_publicize_connections":[],"jetpack_featured_media_url":"https:\/\/www.hoymercedes.com.ar\/principal\/wp-content\/uploads\/2020\/05\/30-ama-agronegocio.png","wps_subtitle":"","jetpack_sharing_enabled":true,"_links":{"self":[{"href":"https:\/\/www.hoymercedes.com.ar\/principal\/wp-json\/wp\/v2\/posts\/111414","targetHints":{"allow":["GET"]}}],"collection":[{"href":"https:\/\/www.hoymercedes.com.ar\/principal\/wp-json\/wp\/v2\/posts"}],"about":[{"href":"https:\/\/www.hoymercedes.com.ar\/principal\/wp-json\/wp\/v2\/types\/post"}],"author":[{"embeddable":true,"href":"https:\/\/www.hoymercedes.com.ar\/principal\/wp-json\/wp\/v2\/users\/1"}],"replies":[{"embeddable":true,"href":"https:\/\/www.hoymercedes.com.ar\/principal\/wp-json\/wp\/v2\/comments?post=111414"}],"version-history":[{"count":0,"href":"https:\/\/www.hoymercedes.com.ar\/principal\/wp-json\/wp\/v2\/posts\/111414\/revisions"}],"wp:featuredmedia":[{"embeddable":true,"href":"https:\/\/www.hoymercedes.com.ar\/principal\/wp-json\/wp\/v2\/media\/111415"}],"wp:attachment":[{"href":"https:\/\/www.hoymercedes.com.ar\/principal\/wp-json\/wp\/v2\/media?parent=111414"}],"wp:term":[{"taxonomy":"category","embeddable":true,"href":"https:\/\/www.hoymercedes.com.ar\/principal\/wp-json\/wp\/v2\/categories?post=111414"},{"taxonomy":"post_tag","embeddable":true,"href":"https:\/\/www.hoymercedes.com.ar\/principal\/wp-json\/wp\/v2\/tags?post=111414"}],"curies":[{"name":"wp","href":"https:\/\/api.w.org\/{rel}","templated":true}]}}